{"id":1006,"date":"2024-05-19T18:28:16","date_gmt":"2024-05-19T16:28:16","guid":{"rendered":"https:\/\/gregoryderville.com\/?p=1006"},"modified":"2025-05-17T08:49:11","modified_gmt":"2025-05-17T06:49:11","slug":"antoine-boesset-nos-esprits-libres-et-contents-le-poeme-harmonique","status":"publish","type":"post","link":"https:\/\/gregoryderville.com\/index.php\/2024\/05\/19\/antoine-boesset-nos-esprits-libres-et-contents-le-poeme-harmonique\/","title":{"rendered":"Antoine Bo\u00ebsset &#8211; \u00ab\u00a0Nos esprits libres et contents\u00a0\u00bb (Le Po\u00e8me Harmonique)"},"content":{"rendered":"\n<p><\/p>\n\n\n\n<p>Cette oeuvre tr\u00e8s courte et charmante est un air de danse polyphonique compos\u00e9 et jou\u00e9 pour la premi\u00e8re fois en 1609.<\/p>\n\n\n\n<p>Antoine Bo\u00ebsset, dit aussi sieur de Villedieu, \u00e9tait ma\u00eetre musicien \u00e0 la cour du roi Louis XIII, et il a \u00e9t\u00e9 l&rsquo;un des compositeurs les plus \u00e9minents et les plus influents de la vie musicale \u00e0 la cour de France durant la premi\u00e8re moiti\u00e9 du XVII\u00e8me si\u00e8cle. Il est situ\u00e9 chronologiquement entre les deux autres ma\u00eetres de la musique baroque fran\u00e7aise de l&rsquo;\u00e9poque, Pierre Gu\u00e9dron (dont il est le gendre) et \u00c9tienne Moulini\u00e9.<\/p>\n\n\n\n<p>Antoine Bo\u00ebsset a \u00e9t\u00e9 l&rsquo;un des pr\u00e9curseurs en France de la basse continue. Il s&rsquo;agit d&rsquo;une technique d&rsquo;improvisation et d&rsquo;accompagnement des chants polyphoniques qui permettait d&rsquo;unifier les diff\u00e9rents livrets (et donc les diff\u00e9rentes voix) en une \u0153uvre unique, de cr\u00e9er une continuit\u00e9 tout au long d&rsquo;un air. Par exemple, au moment o\u00f9 l&rsquo;une des voix se taisait, un instrument en reprenait la m\u00e9lodie, sous une forme plus ou moins improvis\u00e9e, pour faire le lien avec la m\u00e9lodie chant\u00e9e par les autres voix, jusqu&rsquo;\u00e0 ce que revienne la voix momentan\u00e9ment silencieuse. Cet accompagnement \/ improvisation pouvait se faire avec n&rsquo;importe lequel des instruments de l&rsquo;\u00e9poque (l&rsquo;orgue, le violoncelle, la viole de gambe, le basson, le clavecin, le luth, la th\u00e9orbe, la guitare baroque\u2026).<\/p>\n\n\n\n<p>Bo\u00ebsset a utilis\u00e9 cette technique pour produire une \u0153uvre consid\u00e9rable: des pi\u00e8ces sacr\u00e9es (messes, motets, magnificats), mais aussi beaucoup de pi\u00e8ces profanes (airs de cour, airs de ballet). Il a notamment compos\u00e9 presque 200 airs \u00e0 quatre ou cinq voix, et beaucoup d\u2019autres pour des formations plus r\u00e9duites (notamment pour voix et luth). Ces \u0153uvres sont d&rsquo;une grande inventivit\u00e9 et subtilit\u00e9 sur le plan m\u00e9lodique, et elles font preuve d&rsquo;une valeur expressive et m\u00eame dramatique assez inhabituelle pour l&rsquo;\u00e9poque.<\/p>\n\n\n\n<p>Antoine Bo\u00ebsset fait partie des compositeurs qui sont aujourd&rsquo;hui m\u00e9connus, mais qui ont \u00e9t\u00e9 remis \u00e0 l&rsquo;honneur par la vogue de la musique baroque, port\u00e9e en France par des ensembles tels que le Po\u00e8me harmonique dirig\u00e9 par Vincent Dumestre.<\/p>\n\n\n\n<p>\u00ab\u00a0Nos esprits libres et contents\u00a0\u00bb est un air de cour qui est en m\u00eame temps un \u00e9loge de la douceur de vivre et une m\u00e9ditation m\u00e9lancolique sur les \u00ab\u00a0<em>mis\u00e8res<\/em>\u00a0\u00bb provoqu\u00e9es par l&rsquo;amour. Le livret nous dit que les plaisirs de l&rsquo;amour sont piquants, certes, mais qu&rsquo;il vaut peut-\u00eatre mieux les \u00e9viter, en tous cas ne pas s&rsquo;y jeter t\u00eate baiss\u00e9e, et leur pr\u00e9f\u00e9rer d&rsquo;autres joies plus douces et plus \u00e9gales.<\/p>\n\n\n\n<p>Il y a eu des moments dans ma vie o\u00f9 je pensais moi aussi que l&rsquo;amour \u00e9tait forc\u00e9ment synonyme de mis\u00e8res et de chagrins, et o\u00f9 je craignais de m&rsquo;y engager s\u00e9rieusement, de peur de souffrir. Je n&rsquo;imaginais pas que l&rsquo;amour aussi puisse \u00eatre v\u00e9cu l&rsquo;esprit libre et content. Mais \u00e7a, c&rsquo;\u00e9tait avant.<\/p>\n\n\n\n<p><\/p>\n\n\n\n<p>\u00ab\u00a0Nos esprits libres et contents<\/p>\n\n\n\n<p>vivent en ces doux passe-temps,<\/p>\n\n\n\n<p>et par de si chastes plaisirs,<\/p>\n\n\n\n<p>bannissent tous autres d\u00e9sirs<\/p>\n\n\n\n<p>(\u2026)<\/p>\n\n\n\n<p>La danse, la chasse et les bois<\/p>\n\n\n\n<p>nous rendent exempts des lois<\/p>\n\n\n\n<p>et des mis\u00e8res dont l&rsquo;Amour<\/p>\n\n\n\n<p>afflige les c\u0153urs de la Cour.\u00a0\u00bb<\/p>\n\n\n\n<p><\/p>\n\n\n\n<figure class=\"wp-block-embed is-type-video is-provider-youtube wp-block-embed-youtube wp-embed-aspect-4-3 wp-has-aspect-ratio\"><div class=\"wp-block-embed__wrapper\">\n<iframe loading=\"lazy\" title=\"Nos esprits libres et contents\" width=\"1230\" height=\"923\" src=\"https:\/\/www.youtube.com\/embed\/mkxBBrSnYRA?feature=oembed\" frameborder=\"0\" allow=\"accelerometer; autoplay; clipboard-write; encrypted-media; gyroscope; picture-in-picture; web-share\" referrerpolicy=\"strict-origin-when-cross-origin\" allowfullscreen><\/iframe>\n<\/div><\/figure>\n\n\n\n<p><\/p>\n<!-- templates\/buttons-placeholder.php -->\n<div class=\"da-reactions-outer TpostID1006\">\n\t    <div class=\"da-reactions-data da-reactions-container-async center\"\n         data-type=\"post\"\n         data-id=\"1006\"\n         id=\"da-reactions-slot-post-1006\">\n        <div class=\"da-reactions-exposed\">\n\t\t\t<img src=\"https:\/\/gregoryderville.com\/wp-content\/plugins\/da-reactions\/assets\/dist\/loading.svg\" alt=\"Loading spinner\" width=\"64\" height=\"64\" style=\"width:64px\" \/>\n        <\/div>\n    <\/div>\n<\/div>\n","protected":false},"excerpt":{"rendered":"<p>Cette oeuvre tr\u00e8s courte et charmante est un air de danse polyphonique compos\u00e9 et jou\u00e9 pour la premi\u00e8re fois en 1609. Antoine Bo\u00ebsset, dit aussi sieur de Villedieu, \u00e9tait ma\u00eetre&hellip;<a href=\"https:\/\/gregoryderville.com\/index.php\/2024\/05\/19\/antoine-boesset-nos-esprits-libres-et-contents-le-poeme-harmonique\/\" class=\"more-link\"><span class=\"more-button\">Continue reading<span class=\"screen-reader-text\">Antoine Bo\u00ebsset &#8211; \u00ab\u00a0Nos esprits libres et contents\u00a0\u00bb (Le Po\u00e8me Harmonique)<\/span><\/span><\/a><\/p>\n<!-- templates\/buttons-placeholder.php -->\n<div class=\"da-reactions-outer TpostID1006\">\n\t    <div class=\"da-reactions-data da-reactions-container-async center\"\n         data-type=\"post\"\n         data-id=\"1006\"\n         id=\"da-reactions-slot-post-1006\">\n        <div class=\"da-reactions-exposed\">\n\t\t\t<img src=\"https:\/\/gregoryderville.com\/wp-content\/plugins\/da-reactions\/assets\/dist\/loading.svg\" alt=\"Loading spinner\" width=\"64\" height=\"64\" style=\"width:64px\" \/>\n        <\/div>\n    <\/div>\n<\/div>\n","protected":false},"author":1,"featured_media":1008,"comment_status":"open","ping_status":"open","sticky":false,"template":"","format":"standard","meta":{"footnotes":""},"categories":[81],"tags":[127,777,238,190,237,7],"class_list":["post-1006","post","type-post","status-publish","format-standard","has-post-thumbnail","hentry","category-musique","tag-amour","tag-artiste-a-decouvrir","tag-boesset","tag-musique-classique","tag-musique-baroque","tag-opera"],"_links":{"self":[{"href":"https:\/\/gregoryderville.com\/index.php\/wp-json\/wp\/v2\/posts\/1006","targetHints":{"allow":["GET"]}}],"collection":[{"href":"https:\/\/gregoryderville.com\/index.php\/wp-json\/wp\/v2\/posts"}],"about":[{"href":"https:\/\/gregoryderville.com\/index.php\/wp-json\/wp\/v2\/types\/post"}],"author":[{"embeddable":true,"href":"https:\/\/gregoryderville.com\/index.php\/wp-json\/wp\/v2\/users\/1"}],"replies":[{"embeddable":true,"href":"https:\/\/gregoryderville.com\/index.php\/wp-json\/wp\/v2\/comments?post=1006"}],"version-history":[{"count":2,"href":"https:\/\/gregoryderville.com\/index.php\/wp-json\/wp\/v2\/posts\/1006\/revisions"}],"predecessor-version":[{"id":5723,"href":"https:\/\/gregoryderville.com\/index.php\/wp-json\/wp\/v2\/posts\/1006\/revisions\/5723"}],"wp:featuredmedia":[{"embeddable":true,"href":"https:\/\/gregoryderville.com\/index.php\/wp-json\/wp\/v2\/media\/1008"}],"wp:attachment":[{"href":"https:\/\/gregoryderville.com\/index.php\/wp-json\/wp\/v2\/media?parent=1006"}],"wp:term":[{"taxonomy":"category","embeddable":true,"href":"https:\/\/gregoryderville.com\/index.php\/wp-json\/wp\/v2\/categories?post=1006"},{"taxonomy":"post_tag","embeddable":true,"href":"https:\/\/gregoryderville.com\/index.php\/wp-json\/wp\/v2\/tags?post=1006"}],"curies":[{"name":"wp","href":"https:\/\/api.w.org\/{rel}","templated":true}]}}