{"id":1012,"date":"2024-05-17T18:32:50","date_gmt":"2024-05-17T16:32:50","guid":{"rendered":"https:\/\/gregoryderville.com\/?p=1012"},"modified":"2025-06-02T07:32:15","modified_gmt":"2025-06-02T05:32:15","slug":"u2-i-will-follow","status":"publish","type":"post","link":"https:\/\/gregoryderville.com\/index.php\/2024\/05\/17\/u2-i-will-follow\/","title":{"rendered":"U2 &#8211; \u00ab\u00a0I will follow\u00a0\u00bb"},"content":{"rendered":"\n<p><\/p>\n\n\n\n<p>\u00ab\u00a0I will follow\u00a0\u00bb est la premi\u00e8re chanson du premier album de <a href=\"https:\/\/gregoryderville.com\/index.php\/tag\/u2\/\" data-type=\"link\" data-id=\"https:\/\/gregoryderville.com\/index.php\/tag\/u2\/\">U2 <\/a>(\u00ab\u00a0Boy\u00a0\u00bb, 1980). Elle poss\u00e8de \u00e0 la fois la grandeur et le c\u00f4t\u00e9 malhabile et imparfait des commencements: on sent que le groupe est ambitieux et plein de fougue et de ferveur, d&rsquo;originalit\u00e9 aussi (par exemple dans l&rsquo;usage du glockenspiel dans le refrain de cette chanson)\u2026 mais il se cherche encore. Les orchestrations de ce disque, qui \u00e9voluent entre le post-punk et la new-wave, sont assez brutes de d\u00e9coffrage. Les textes, qui abordent les th\u00e8mes \u00e9ternels de l&rsquo;adolescence (le d\u00e9sir, l&rsquo;incertitude, la col\u00e8re\u2026), restent un peu simples\u2026<\/p>\n\n\n\n<p>Mais j&rsquo;aime beaucoup l&rsquo;\u00e9nergie indomptable qui \u00e9mane de \u00ab\u00a0I will follow\u00a0\u00bb , surtout dans la version en concert du fameux \u00ab\u00a0Live under a blood red sky\u00a0\u00bb . Quelle gnaque dans ce rythme fr\u00e9n\u00e9tique et dans ce riff de guitare \u00e9lectrisant de The Edge, qui arrive de loin puis qui s&rsquo;impose en pleine face et qui semble faire la course avec lui-m\u00eame et avec une basse tout aussi inflexible! La chanson est d\u00e9j\u00e0 \u00e9tourdissante en studio, mais dans cette prise, enregistr\u00e9e en concert en Allemagne un soir d&rsquo;orage et de pluies torrentielles et glaciales, lanc\u00e9e par un \u00ab\u00a0<em>Ladies and gentlemen, let me tell you: I will follow!<\/em>\u00a0\u00bb qui claque comme un d\u00e9fi, elle devient carr\u00e9ment \u00e9pique, h\u00e9ro\u00efque, incendiaire et id\u00e9ale pour foutre le feu \u00e0 un stade tout entier.<\/p>\n\n\n\n<p>Aujourd&rsquo;hui je me rends compte en \u00e9crivant cette chronique que si j&rsquo;ai toujours \u00e9t\u00e9 emball\u00e9 par la musique de \u00ab\u00a0I will follow\u00a0\u00bb , je suis quand m\u00eame pass\u00e9 \u00e0 c\u00f4t\u00e9 de certains de ses \u00e9l\u00e9ments les plus importants.<\/p>\n\n\n\n<p>Par exemple je n&rsquo;ai pas fait attention \u00e0 deux vers tr\u00e8s \u00e9mouvants (\u00ab\u00a0<em>A boy tries hard to be a man \/ His mother takes him by his hand\u00a0\u00bb<\/em> ) par lesquels Bono rend hommage \u00e0 sa m\u00e8re Iris, d\u00e9c\u00e9d\u00e9e en d\u00e9cembre 1974 d&rsquo;une h\u00e9morragie c\u00e9r\u00e9brale, quelques jours seulement apr\u00e8s le d\u00e9c\u00e8s de son p\u00e8re. Bono n&rsquo;avait alors que quatorze ans\u2026<\/p>\n\n\n\n<p>Le fait de tenir quelqu&rsquo;un par la main est pour moi tr\u00e8s important. Par exemple je me souviens tr\u00e8s exactement du jour et du lieu o\u00f9 mon gar\u00e7on m&rsquo;a spontan\u00e9ment saisi la main pour la derni\u00e8re fois, un soir de longue promenade sur les hauteurs de Chamb\u00e9ry (il \u00e9tait alors \u00e0 peine plus jeune que Bono \u00e0 la mort de sa m\u00e8re). Je me souviens surtout de l&rsquo;\u00e9motion qui m&rsquo;a alors envahi, car je me suis tout de suite dit que c&rsquo;\u00e9tait peut-\u00eatre pour la derni\u00e8re fois, et j&rsquo;ai profit\u00e9 de cet instant fugace, en savourant pleinement ma chance d&rsquo;\u00eatre ainsi reli\u00e9 \u00e0 lui, saisi par une \u00e9motion bouleversante de sentir qu&rsquo;il \u00e9tait tendrement attach\u00e9 \u00e0 moi, que j&rsquo;\u00e9tais pour lui un rep\u00e8re et une source d&rsquo;affection. Lorsque j&rsquo;\u00e9coute <a href=\"https:\/\/gregoryderville.com\/index.php\/2020\/11\/13\/michel-jonasz-les-lignes-telephoniques\/\" data-type=\"link\" data-id=\"https:\/\/gregoryderville.com\/index.php\/2020\/11\/13\/michel-jonasz-les-lignes-telephoniques\/\">\u00ab\u00a0Les lignes t\u00e9l\u00e9phoniques\u00a0\u00bb de Michel Jonasz<\/a>, c&rsquo;est \u00e0 ce lieu et \u00e0 ce moment pr\u00e9cis de ma vie que je pense syst\u00e9matiquement lorsque j&rsquo;entends \u00ab\u00a0<em>J&rsquo;ai fait mon devoir de p\u00e8re, je crois<\/em>\u00a0\u00bb \u2026 et je fonds en larmes \u00e0 chaque fois.<\/p>\n\n\n\n<p>Quoi qu&rsquo;il en soit, je crois que je ressens en lisant ces deux vers chant\u00e9s par Bono le d\u00e9sarroi et le chagrin de ce jeune gar\u00e7on (\u00ab\u00a0Boy\u00a0\u00bb) subitement orphelin, sa frayeur de devoir continuer dans la vie sans \u00eatre guid\u00e9 par la pr\u00e9sence rassurante de ses parents\u2026<\/p>\n\n\n\n<p>Bono a confi\u00e9 un jour que le th\u00e8me essentiel de \u00ab\u00a0I will follow\u00a0\u00bb est l&rsquo;amour inconditionnel d&rsquo;une m\u00e8re pour son enfant: o\u00f9 il ira, elle le suivra (\u00ab\u00a0<em>If you walk away, walk away \/ I walk away, walk away \/ I will follow<\/em>\u00a0\u00bb ). Maintenant que j&rsquo;ai percut\u00e9 cette dimension de la chanson, elle me chavire encore plus. Mes enfants sont si importants dans ma vie, je ressens tellement fort ce sentiment d&rsquo;amour inconditionnel, que moi aussi je pourrais tout l\u00e2cher et tout abandonner, absolument tout, mais vraiment tout, pour les rejoindre s&rsquo;ils en avaient besoin.<\/p>\n\n\n\n<p>Ce soir Dorian est avec moi, sur la route de vacances improvis\u00e9es qu&rsquo;il s&rsquo;est octroy\u00e9es en louant un fourgon avec un de ses potes. J&rsquo;aime et j&rsquo;admire la fa\u00e7on dont il \u00e9volue, sa fa\u00e7on nonchalante de prendre la vie, son \u00e9tonnante facilit\u00e9 \u00e0 nouer de nouvelles relations sociales, ses valeurs (il est tr\u00e8s engag\u00e9 comme b\u00e9n\u00e9vole dans des associations en faveur des migrants), la mani\u00e8re dont il choisit ses ami\u00b7es, sa fa\u00e7on attentive et chaleureuse de se conduire avec eux et avec les membres de sa famille, sa gentillesse et sa douceur d\u00e9sarmantes, ses go\u00fbts culturels, sa nouvelle passion pour la guitare, ses projets de vie\u2026 Il est un \u00ab\u00a0Boy\u00a0\u00bb encore plus merveilleux que le fils que je r\u00eavais d&rsquo;avoir avant sa naissance: lucky me.<\/p>\n\n\n\n<p>Quoi que tu fasses mon gar\u00e7on, je te suivrai, de pr\u00e8s ou de loin.<\/p>\n\n\n\n<p><\/p>\n\n\n\n<figure class=\"wp-block-embed is-type-video is-provider-youtube wp-block-embed-youtube wp-embed-aspect-4-3 wp-has-aspect-ratio\"><div class=\"wp-block-embed__wrapper\">\n<iframe loading=\"lazy\" title=\"I Will Follow (Live)\" width=\"1230\" height=\"923\" src=\"https:\/\/www.youtube.com\/embed\/bLyYcGxQRms?feature=oembed\" frameborder=\"0\" allow=\"accelerometer; autoplay; clipboard-write; encrypted-media; gyroscope; picture-in-picture; web-share\" referrerpolicy=\"strict-origin-when-cross-origin\" allowfullscreen><\/iframe>\n<\/div><\/figure>\n\n\n\n<p><\/p>\n<!-- templates\/buttons-placeholder.php -->\n<div class=\"da-reactions-outer TpostID1012\">\n\t    <div class=\"da-reactions-data da-reactions-container-async center\"\n         data-type=\"post\"\n         data-id=\"1012\"\n         id=\"da-reactions-slot-post-1012\">\n        <div class=\"da-reactions-exposed\">\n\t\t\t<img src=\"https:\/\/gregoryderville.com\/wp-content\/plugins\/da-reactions\/assets\/dist\/loading.svg\" alt=\"Loading spinner\" width=\"64\" height=\"64\" style=\"width:64px\" \/>\n        <\/div>\n    <\/div>\n<\/div>\n","protected":false},"excerpt":{"rendered":"<p>\u00ab\u00a0I will follow\u00a0\u00bb est la premi\u00e8re chanson du premier album de U2 (\u00ab\u00a0Boy\u00a0\u00bb, 1980). Elle poss\u00e8de \u00e0 la fois la grandeur et le c\u00f4t\u00e9 malhabile et imparfait des commencements: on&hellip;<a href=\"https:\/\/gregoryderville.com\/index.php\/2024\/05\/17\/u2-i-will-follow\/\" class=\"more-link\"><span class=\"more-button\">Continue reading<span class=\"screen-reader-text\">U2 &#8211; \u00ab\u00a0I will follow\u00a0\u00bb<\/span><\/span><\/a><\/p>\n<!-- templates\/buttons-placeholder.php -->\n<div class=\"da-reactions-outer TpostID1012\">\n\t    <div class=\"da-reactions-data da-reactions-container-async center\"\n         data-type=\"post\"\n         data-id=\"1012\"\n         id=\"da-reactions-slot-post-1012\">\n        <div class=\"da-reactions-exposed\">\n\t\t\t<img src=\"https:\/\/gregoryderville.com\/wp-content\/plugins\/da-reactions\/assets\/dist\/loading.svg\" alt=\"Loading spinner\" width=\"64\" height=\"64\" style=\"width:64px\" \/>\n        <\/div>\n    <\/div>\n<\/div>\n","protected":false},"author":1,"featured_media":1013,"comment_status":"open","ping_status":"open","sticky":false,"template":"","format":"standard","meta":{"footnotes":""},"categories":[81],"tags":[782,28,239],"class_list":["post-1012","post","type-post","status-publish","format-standard","has-post-thumbnail","hentry","category-musique","tag-mes-chroniques-preferees","tag-new-wave","tag-u2"],"_links":{"self":[{"href":"https:\/\/gregoryderville.com\/index.php\/wp-json\/wp\/v2\/posts\/1012","targetHints":{"allow":["GET"]}}],"collection":[{"href":"https:\/\/gregoryderville.com\/index.php\/wp-json\/wp\/v2\/posts"}],"about":[{"href":"https:\/\/gregoryderville.com\/index.php\/wp-json\/wp\/v2\/types\/post"}],"author":[{"embeddable":true,"href":"https:\/\/gregoryderville.com\/index.php\/wp-json\/wp\/v2\/users\/1"}],"replies":[{"embeddable":true,"href":"https:\/\/gregoryderville.com\/index.php\/wp-json\/wp\/v2\/comments?post=1012"}],"version-history":[{"count":5,"href":"https:\/\/gregoryderville.com\/index.php\/wp-json\/wp\/v2\/posts\/1012\/revisions"}],"predecessor-version":[{"id":8673,"href":"https:\/\/gregoryderville.com\/index.php\/wp-json\/wp\/v2\/posts\/1012\/revisions\/8673"}],"wp:featuredmedia":[{"embeddable":true,"href":"https:\/\/gregoryderville.com\/index.php\/wp-json\/wp\/v2\/media\/1013"}],"wp:attachment":[{"href":"https:\/\/gregoryderville.com\/index.php\/wp-json\/wp\/v2\/media?parent=1012"}],"wp:term":[{"taxonomy":"category","embeddable":true,"href":"https:\/\/gregoryderville.com\/index.php\/wp-json\/wp\/v2\/categories?post=1012"},{"taxonomy":"post_tag","embeddable":true,"href":"https:\/\/gregoryderville.com\/index.php\/wp-json\/wp\/v2\/tags?post=1012"}],"curies":[{"name":"wp","href":"https:\/\/api.w.org\/{rel}","templated":true}]}}