{"id":12920,"date":"2025-10-20T09:25:20","date_gmt":"2025-10-20T07:25:20","guid":{"rendered":"https:\/\/gregoryderville.com\/?p=12920"},"modified":"2025-10-24T21:53:09","modified_gmt":"2025-10-24T19:53:09","slug":"enseigner-sur-leffondrement-ecologique-sans-desesperer-est-ce-que-possible-et-comment-faire","status":"publish","type":"post","link":"https:\/\/gregoryderville.com\/index.php\/2025\/10\/20\/enseigner-sur-leffondrement-ecologique-sans-desesperer-est-ce-que-possible-et-comment-faire\/","title":{"rendered":"Enseigner sur l&rsquo;effondrement \u00e9cologique sans (s&rsquo;)effondrer: est-ce possible, et comment faire\u00a0?"},"content":{"rendered":"\n<p><\/p>\n\n\n\n<p class=\"has-black-color has-text-color has-link-color wp-elements-bdb3a8cefe8bb386b801737446fa57c5\">L&rsquo;effondrement \u00e9cologique est tout sauf un fantasme mill\u00e9nariste&nbsp;: c&rsquo;est une r\u00e9alit\u00e9 document\u00e9e, incontestable. Les \u00e9missions de CO2 continuent \u00e0 augmenter au niveau mondial, la biodiversit\u00e9 animale et v\u00e9g\u00e9tale est an\u00e9antie \u00e0 un rythme toujours plus acc\u00e9l\u00e9r\u00e9, le cycle de l&rsquo;eau est profond\u00e9ment perturb\u00e9, les diverses formes de pollution continuent \u00e0 transformer le monde entier en poubelle (notamment en poubelle \u00e0 micro-plastiques), les points de bascule irr\u00e9versibles sont atteints et franchis les uns apr\u00e8s les autres, etc. Pas la peine de dresser ici une \u00e9ni\u00e8me fois et dans le d\u00e9tail un tableau apocalyptique, on peut aller directement \u00e0 la conclusion, qui est assez \u00e9vidente&nbsp;: une partie de l&rsquo;esp\u00e8ce humaine, la plus riche, la plus soumise \u00e0 la folie productiviste et consum\u00e9riste, la plus inconsciente, la plus \u00e9go\u00efste, est en train de rendre la Terre inhabitable.<\/p>\n\n\n\n<p class=\"has-black-color has-text-color has-link-color wp-elements-fd35a65ee4d2badf763b21e3a29d42e6\">Comment continuer \u00e0 transmettre des connaissances sur ce sujet, alors qu&rsquo;une partie de la population se compla\u00eet dans un d\u00e9ni qu&rsquo;elle exprime de fa\u00e7on de plus en plus d\u00e9lirante et de plus en plus agressive, et qu&rsquo;une autre partie se sent tellement angoiss\u00e9e, d\u00e9sesp\u00e9r\u00e9e et impuissante qu&rsquo;elle est t\u00e9tanis\u00e9e par la trag\u00e9die, \u00e0 moins qu&rsquo;elle ne veuille carr\u00e9ment plus entendre de mauvaises nouvelles&nbsp;?<\/p>\n\n\n\n<p class=\"has-black-color has-text-color has-link-color wp-elements-294ffecbda7b2bdda11d43f16261c9c1\">Voici quelques r\u00e9ponses dans un article tr\u00e8s int\u00e9ressant, issu d&rsquo;un blog intitul\u00e9 \u00e9co-\u00e9ducation, et qui est consacr\u00e9 \u00e0 la fa\u00e7on dont on peut enseigner la crise \u00e9cologique de fa\u00e7on un peu plus efficace (\u00ab\u00a0<a href=\"https:\/\/www.eco-education-recherche.com\/2025\/06\/lespoir-ne-suffit-plus-et-leducation-la.html\" data-type=\"link\" data-id=\"https:\/\/www.eco-education-recherche.com\/2025\/06\/lespoir-ne-suffit-plus-et-leducation-la.html\">\u00c9ducation et transformation \u00e9cologique&nbsp;: que dit la recherche&nbsp;?<\/a>\u00a0\u00bb ).<\/p>\n\n\n\n<p class=\"has-text-align-center has-black-color has-text-color has-link-color wp-elements-c5995833d97d0e9c85ea96ca8bd01cb2\">\/\/\/\/\/\/<\/p>\n\n\n\n<p class=\"has-black-color has-text-color has-link-color wp-elements-bbdb1da11a8bb4be6e794373b1024d6f\">Cet article commence, comme je le fais ci-dessus, par exp\u00e9dier rapidement le constat, terrible et terrifiant, d&rsquo;une acc\u00e9l\u00e9ration du d\u00e9sastre \u00e9cologique et d&rsquo;une absence de r\u00e9ponses politiques ad\u00e9quates (ou pire encore, de l&rsquo;arriv\u00e9e au pouvoir, dans les pays les plus puissants de cette plan\u00e8te, de dirigeants politiques pour qui il n&rsquo;y a pas de probl\u00e8me, et qui promettent d&rsquo;appuyer \u00e0 fond sur l&rsquo;acc\u00e9l\u00e9rateur du train fou qui est en train de d\u00e9truire le monde).<\/p>\n\n\n<div class=\"wp-block-image\">\n<figure class=\"alignright size-full is-resized\"><a href=\"https:\/\/gregoryderville.com\/wp-content\/uploads\/2025\/10\/Eco-anxiete-article-du-Monde.jpg\"><img loading=\"lazy\" decoding=\"async\" width=\"960\" height=\"683\" src=\"https:\/\/gregoryderville.com\/wp-content\/uploads\/2025\/10\/Eco-anxiete-article-du-Monde.jpg\" alt=\"\" class=\"wp-image-12921\" style=\"width:434px;height:auto\" srcset=\"https:\/\/gregoryderville.com\/wp-content\/uploads\/2025\/10\/Eco-anxiete-article-du-Monde.jpg 960w, https:\/\/gregoryderville.com\/wp-content\/uploads\/2025\/10\/Eco-anxiete-article-du-Monde-300x213.jpg 300w, https:\/\/gregoryderville.com\/wp-content\/uploads\/2025\/10\/Eco-anxiete-article-du-Monde-768x546.jpg 768w, https:\/\/gregoryderville.com\/wp-content\/uploads\/2025\/10\/Eco-anxiete-article-du-Monde-825x587.jpg 825w, https:\/\/gregoryderville.com\/wp-content\/uploads\/2025\/10\/Eco-anxiete-article-du-Monde-600x427.jpg 600w, https:\/\/gregoryderville.com\/wp-content\/uploads\/2025\/10\/Eco-anxiete-article-du-Monde-400x285.jpg 400w\" sizes=\"auto, (max-width: 960px) 100vw, 960px\" \/><\/a><\/figure>\n<\/div>\n\n\n<p class=\"has-black-color has-text-color has-link-color wp-elements-5b51756cb4cd5126cf15d2c3aca6e0b1\">Dans ce contexte, les gens qui, comme c&rsquo;est mon cas depuis 15 ans dans le cadre du master et de la licence de science politique de l&rsquo;Universit\u00e9 de Lille, enseignent sur la crise \u00e9cologique et l&rsquo;\u00e9cologie politique, sont plac\u00e9s dans une situation intenable et insupportable, psychologiquement et humainement&nbsp;: \u00ab\u00a0<em>Non seulement ils doivent continuer \u00e0 transmettre des savoirs scientifiques de qualit\u00e9, mais ils doivent le faire dans un environnement satur\u00e9 d&rsquo;\u00e9co-anxi\u00e9t\u00e9, d&rsquo;\u00e9co-paralysie et parfois de perte de sens. Cette tension traverse \u00e0 la fois les \u00e9l\u00e8ves et leurs enseignants. Le danger n&rsquo;est plus l&rsquo;ignorance, mais l&rsquo;\u00e9puisement moral.<\/em>\u00a0\u00bb De fait, chaque ann\u00e9e l&rsquo;actualisation de mon cours est une \u00e9preuve pour moi, et quand je donne le cours je constate que l&rsquo;amphi se vide rapidement d&rsquo;un grand nombre d&rsquo;\u00e9tudiant\u00b7es qui soit s&rsquo;en tamponnent all\u00e8grement, soit sont trop angoiss\u00e9\u00b7es pour entendre ce que je leur raconte. Comme me le disent en substance les jeunes qui continuent \u00e0 y assister jusqu&rsquo;au bout (environ un tiers de l&rsquo;amphi), \u00ab\u00a0<em>les autres ne viennent pas parce que \u00e7a les d\u00e9prime trop<\/em>.\u00a0\u00bb Un jour o\u00f9 je racontais cela \u00e0 un coll\u00e8gue, celui-ci m&rsquo;a demand\u00e9 \u00ab\u00a0Mais pourquoi tu leur racontes tout \u00e7a&nbsp;?\u00a0\u00bb J&rsquo;avoue que sa r\u00e9action m&rsquo;avait laiss\u00e9 assez pantois, mais je lui avais quand m\u00eame r\u00e9pondu du tac au tac&nbsp;: \u00ab\u00a0Est-ce que tu voudrais que je leur mente&nbsp;? Tu voudrais que je leur raconte que tout va de mieux en mieux, que nous avons les solutions \u00e0 port\u00e9e de main, que l&rsquo;avenir sera vert et radieux&nbsp;?\u00a0\u00bb Je me souviens qu&rsquo;il \u00e9tait rest\u00e9 un peu b\u00eate\u2026<\/p>\n\n\n\n<p class=\"has-black-color has-text-color has-link-color wp-elements-1bed96eff314ddbb7810482aec1b4a58\">Les auteurs de ce blog expriment ainsi ce dilemme: \u00ab\u00a0<em><strong>L&rsquo;enseignement de la durabilit\u00e9 environnementale ne peut plus se limiter \u00e0 une simple sensibilisation aux enjeux \u00e9cologiques<\/strong><\/em>\u00a0\u00bb . Mais \u00ab\u00a0<em>les \u00e9ducateurs et \u00e9ducatrices doivent faire face \u00e0 une t\u00e2che singuli\u00e8rement exigeante. <\/em><em><strong>Comment enseigner sans effondrer&nbsp;? Comment parler vrai sans ass\u00e9cher toute capacit\u00e9 d&rsquo;agir chez les jeunes&nbsp;?<\/strong><\/em>\u00a0\u00bb <\/p>\n\n\n\n<p class=\"has-black-color has-text-color has-link-color wp-elements-f1e9f1d1177486534954aacdf8563905\">Cela fait des ann\u00e9es que je suis confront\u00e9 \u00e0 ce dilemme, et chaque ann\u00e9e davantage, puisque chaque ann\u00e9e la situation est plus catastrophique que la pr\u00e9c\u00e9dente, \u00e0 tous points de vue, et puisque l&rsquo;effondrement politique et culturel va encore plus vite que l&rsquo;effondrement \u00e9cologique, ce qui rend encore plus d\u00e9licat (ou impossible&nbsp;?) le fait d&rsquo;enrayer ce dernier.<\/p>\n\n\n\n<p class=\"has-black-color has-text-color has-link-color wp-elements-d91f91813916250b34d7fe12841359f1\">Alors j&rsquo;ai envie d&rsquo;ajouter une troisi\u00e8me question aux deux cit\u00e9es ci-dessus\u00a0: \u00ab\u00a0<em><strong>Comment enseigner [sur l&rsquo;effondrement \u00e9cologique] sans s&rsquo;effondrer soi-m\u00eame\u00a0?<\/strong><\/em>\u00a0\u00bb (en constatant que tout ce qu&rsquo;on raconte depuis 20 ans se d\u00e9ploie comme une trag\u00e9die, inexorablement) Comment transmettre des connaissances indispensables pour comprendre le monde comme il va (et comme il va \u00eatre !), en sachant qu&rsquo;on va passer pour un Cassandre, pour un d\u00e9faitiste, pour un genre mill\u00e9nariste moderne, en tous cas pour quelqu&rsquo;un d&rsquo;insupportablement d\u00e9plaisant et anxiog\u00e8ne ? Nous sommes des dizaines de milliers \u00e0 vivre cette m\u00eame souffrance morale, avec ce m\u00eame sentiment que quoi qu&rsquo;on fasse c&rsquo;est inexorable, qu&rsquo;il faut pr\u00e9parer les jeunes g\u00e9n\u00e9rations \u00e0 \u00e7a, mais que nous sommes d\u00e9munis et que nous ne savons pas comment faire\u2026 Ce sont des dilemmes moraux sans fin. Les m\u00eames qu&rsquo;avec nos enfants, d&rsquo;ailleurs \ud83e\udd7a Tr\u00e8s honn\u00eatement, si je ne pouvais pas me dire que sur mon terrain au moins, je fais ce qui doit \u00eatre fait et je vois la vie se d\u00e9velopper, je ne sais pas dans quel \u00e9tat nerveux je serais\u2026<\/p>\n\n\n\n<p class=\"has-black-color has-text-color has-link-color wp-elements-9ac00cf961d1ea846fe5a532228b76c6\"><\/p>\n\n\n<div class=\"wp-block-image\">\n<figure class=\"alignright size-full is-resized\"><a href=\"https:\/\/gregoryderville.com\/wp-content\/uploads\/2025\/10\/Trump-Stand-up-for-science.jpg\"><img loading=\"lazy\" decoding=\"async\" width=\"1000\" height=\"478\" src=\"https:\/\/gregoryderville.com\/wp-content\/uploads\/2025\/10\/Trump-Stand-up-for-science.jpg\" alt=\"\" class=\"wp-image-12965\" style=\"width:458px;height:auto\" srcset=\"https:\/\/gregoryderville.com\/wp-content\/uploads\/2025\/10\/Trump-Stand-up-for-science.jpg 1000w, https:\/\/gregoryderville.com\/wp-content\/uploads\/2025\/10\/Trump-Stand-up-for-science-300x143.jpg 300w, https:\/\/gregoryderville.com\/wp-content\/uploads\/2025\/10\/Trump-Stand-up-for-science-768x367.jpg 768w, https:\/\/gregoryderville.com\/wp-content\/uploads\/2025\/10\/Trump-Stand-up-for-science-825x394.jpg 825w, https:\/\/gregoryderville.com\/wp-content\/uploads\/2025\/10\/Trump-Stand-up-for-science-600x287.jpg 600w, https:\/\/gregoryderville.com\/wp-content\/uploads\/2025\/10\/Trump-Stand-up-for-science-400x191.jpg 400w\" sizes=\"auto, (max-width: 1000px) 100vw, 1000px\" \/><\/a><\/figure>\n<\/div>\n\n\n<p class=\"has-black-color has-text-color has-link-color wp-elements-abd8e3de6c0128a3778dae7ea20208de\">Et je n&rsquo;ose m\u00eame pas imaginer ce que je ressentirais si j&rsquo;enseignais aux \u00c9tats-Unis, ce pays o\u00f9 l&rsquo;extr\u00eame-droite d\u00e9mentielle au pouvoir interdit carr\u00e9ment de parler de la crise \u00e9cologique ou climatique et va jusqu&rsquo;\u00e0 exiger des \u00e9tablissements scolaires qu&rsquo;ils punissent et licencient les profs qui utilisent les mots qui permettent d&rsquo;en parler\u00a0! A ce sujet je renvoie \u00e0 cet article paru justement aujourd&rsquo;hui sur le site de la RTS, \u00ab\u00a0<a href=\"https:\/\/www.rts.ch\/meteo\/2025\/article\/enseignement-du-climat-dans-les-ecoles-aux-usa-la-fermeture-de-climate-gov-inquiete-29019945.html\" data-type=\"link\" data-id=\"https:\/\/www.rts.ch\/meteo\/2025\/article\/enseignement-du-climat-dans-les-ecoles-aux-usa-la-fermeture-de-climate-gov-inquiete-29019945.html\">Les sciences du climat peuvent-elles encore \u00eatre enseign\u00e9es dans les \u00e9coles am\u00e9ricaines\u00a0?<\/a>\u00a0\u00bb , dans lequel on lit que le site <a href=\"http:\/\/www.climate.gov\/\">www.climate.gov<\/a>, qui est une r\u00e9f\u00e9rence dans le domaine des connaissances sur le r\u00e9chauffement climatique et qui proposait au d\u00e9but de l&rsquo;ann\u00e9e toute une s\u00e9rie de pages didactiques sur le climat, sous forme de textes, de vid\u00e9os explicatives, de graphiques ou de bases de donn\u00e9es, a \u00e9t\u00e9 ferm\u00e9 par l\u2019administration Trump au d\u00e9but de l\u2019\u00e9t\u00e9. \u00ab\u00a0<em>R\u00e9guli\u00e8rement mis \u00e0 jour par une \u00e9quipe d&rsquo;experts, il \u00e9tait consid\u00e9r\u00e9 comme une des ressources en ligne les plus fiables dans le domaine du climat. La majorit\u00e9 des enseignants y faisaient recours aux \u00c9tats-Unis.<\/em>\u00a0\u00bb D\u00e9cid\u00e9ment, l&rsquo;administration trumpiste fait entrer son pays dans <a href=\"https:\/\/gregoryderville.com\/index.php\/2025\/02\/17\/avec-ladministration-trump-nous-entrons-dans-un-age-dor-de-lignorance\/\" data-type=\"link\" data-id=\"https:\/\/gregoryderville.com\/index.php\/2025\/02\/17\/avec-ladministration-trump-nous-entrons-dans-un-age-dor-de-lignorance\/\">un nouvel \u00e2ge d&rsquo;or de l&rsquo;ignorance<\/a>\u2026<\/p>\n\n\n\n<p class=\"has-black-color has-text-color has-link-color wp-elements-28806ef160236d51a407e3398798eb1f\">Mais je reviens au texte que je commente aujourd&rsquo;hui. Dans ce texte, les auteurs \u00e9voque un article sign\u00e9 par Rebecca Williams (School of Interdisciplinary Studies, Grand Valley State University, Allendale) et Kari Grain (Department of Educational Studies, Faculty of Education, University of British Columbia, Vancouver), qui apporte une r\u00e9ponse stimulante \u00e0 ce dilemme contemporain&nbsp;: \u00ab\u00a0<em>Il propose de d\u00e9passer le mythe d&rsquo;un enseignement fond\u00e9 sur l&rsquo;optimisme en valorisant ce qu&rsquo;elles nomment une praxis de l&rsquo;esp\u00e9rance critique<\/em>.\u00a0\u00bb Mon ami David, qui a diffus\u00e9 cet article sur LinkedIn, fait judicieusement le rapprochement entre \u00ab\u00a0l&rsquo;esp\u00e9rance critique\u00a0\u00bb et le \u00ab\u00a0catastrophisme \u00e9clair\u00e9\u00a0\u00bb du philosophe des sciences Jean-Pierre Dupuy.<\/p>\n\n\n\n<p class=\"has-black-color has-text-color has-link-color wp-elements-d3600e262fd69645d01fc38821061153\">Personnellement, \u00e7a fait un paquet d&rsquo;ann\u00e9es que je formule le concept de Dupuy de fa\u00e7on plus abrupte, mais \u00e0 mon avis correcte&nbsp;: \u00ab\u00a0<strong>C&rsquo;est foutu, sauf si<\/strong>&#8230;\u00a0\u00bb. Et plus les ann\u00e9es passent, plus j&rsquo;ai du mal \u00e0 croire au \u00ab\u00a0sauf si\u00a0\u00bb\u2026 Mais je ne veux pas c\u00e9der au d\u00e9faitisme, je veux continuer \u00e0 faire ce que je peux, alors les quelques pistes propos\u00e9es par Rebecca Williams et Kari Grain me paraissent vraiment tr\u00e8s utiles&nbsp;:<\/p>\n\n\n\n<p class=\"has-black-color has-text-color has-link-color wp-elements-66f9a709e05d451479c75d433b086ced\">&#8211; ne pas seulement transmettre des connaissances scientifiques solides, ne pas seulement mettre au jour les racines syst\u00e9miques de la crise, mais aussi \u00ab\u00a0<em>cr\u00e9er des espaces o\u00f9 les \u00e9motions peuvent \u00eatre reconnues, partag\u00e9es, travaill\u00e9es<\/em>\u00a0\u00bb , et \u00ab\u00a0<em>encourager les d\u00e9marches d&rsquo;engagement collectif qui permettent de retrouver une prise, m\u00eame partielle, sur les situations v\u00e9cues.<\/em>\u00a0\u00bb <\/p>\n\n\n\n<p class=\"has-black-color has-text-color has-link-color wp-elements-5351a9454453a30f98cc7c43473d43d5\">&#8211; demander aux \u00e9l\u00e8ves de s&rsquo;engager dans une action concr\u00e8te, en rejoignant une initiative associative, scolaire ou universitaire en lien avec la transition \u00e9cologique.<\/p>\n\n\n<div class=\"wp-block-image\">\n<figure class=\"alignleft size-full is-resized\"><img loading=\"lazy\" decoding=\"async\" width=\"800\" height=\"600\" src=\"https:\/\/gregoryderville.com\/wp-content\/uploads\/2025\/10\/manifestation-climat-enfant.jpg\" alt=\"\" class=\"wp-image-12933\" style=\"width:418px;height:auto\" srcset=\"https:\/\/gregoryderville.com\/wp-content\/uploads\/2025\/10\/manifestation-climat-enfant.jpg 800w, https:\/\/gregoryderville.com\/wp-content\/uploads\/2025\/10\/manifestation-climat-enfant-300x225.jpg 300w, https:\/\/gregoryderville.com\/wp-content\/uploads\/2025\/10\/manifestation-climat-enfant-768x576.jpg 768w, https:\/\/gregoryderville.com\/wp-content\/uploads\/2025\/10\/manifestation-climat-enfant-600x450.jpg 600w, https:\/\/gregoryderville.com\/wp-content\/uploads\/2025\/10\/manifestation-climat-enfant-400x300.jpg 400w\" sizes=\"auto, (max-width: 800px) 100vw, 800px\" \/><\/figure>\n<\/div>\n\n\n<p class=\"has-black-color has-text-color has-link-color wp-elements-76387ff9db102d9bfbdeddeea95a1240\">Le but n&rsquo;est absolument pas que les jeunes sortent des cours en \u00e9tant plus optimistes, mais de faire en sortent qu&rsquo;ils soient \u00ab\u00a0<em>mieux outill\u00e9s pour faire face \u00e0 la complexit\u00e9 du monde, mieux capables de discerner les marges d&rsquo;action et d&rsquo;assumer leur place dans les luttes \u00e0 venir.<\/em>\u00a0\u00bb <\/p>\n\n\n\n<p class=\"has-black-color has-text-color has-link-color wp-elements-4dffcca7790fe116dd36917275ae52b5\">Dans mon cours d&rsquo;amphi, j&rsquo;aurai du mal \u00e0 mettre ces principes en pratique, car le nombre d&rsquo;\u00e9l\u00e8ves est important (et ce sera encore plus vrai l&rsquo;ann\u00e9e prochaine car le cours va passer en L2, avec un effectif de plus de 350). Mais en master, avec des effectifs de 20 \u00e9l\u00e8ves maximum, je m&rsquo;en inspirerai, c&rsquo;est s\u00fbr.<\/p>\n\n\n\n<p class=\"has-black-color has-text-color has-link-color wp-elements-264eee88cea406d6a5e8688880505248\">Voici l&rsquo;article du blog en question.<\/p>\n\n\n\n<p class=\"has-text-align-center has-black-color has-text-color has-link-color wp-elements-c5995833d97d0e9c85ea96ca8bd01cb2\">\/\/\/\/\/\/<\/p>\n\n\n\n<p class=\"has-black-color has-text-color has-link-color wp-elements-7a573c82e0a91602cd57f833a5c98de5\">L&rsquo;enseignement de la durabilit\u00e9 environnementale ne peut plus se limiter \u00e0 une simple sensibilisation aux enjeux \u00e9cologiques. Face aux donn\u00e9es alarmantes issues du dernier rapport du GIEC et aux reculs politiques constat\u00e9s dans de nombreux pays, les \u00e9ducateurs et \u00e9ducatrices doivent faire face \u00e0 une t\u00e2che singuli\u00e8rement exigeante. Comment enseigner sans effondrer&nbsp;? Comment parler vrai sans ass\u00e9cher toute capacit\u00e9 d\u2019agir chez les jeunes&nbsp;? L&rsquo;article sign\u00e9 par Rebecca Williams et Kari Grain [Williams, R. J. &amp; Grain, K., \u00ab\u00a0<a href=\"https:\/\/www.eco-education-recherche.com\/2025\/06\/lespoir-ne-suffit-plus-et-leducation-la.html\" data-type=\"link\" data-id=\"https:\/\/www.eco-education-recherche.com\/2025\/06\/lespoir-ne-suffit-plus-et-leducation-la.html\">Teaching in a Time of Climate Collapse: From \u201cAn Education in Hope<\/a>\u201d to a Praxis of Critical Hope\u00a0\u00bb (2025)] apporte une r\u00e9ponse stimulante \u00e0 ce dilemme contemporain. Il propose de d\u00e9passer le mythe d&rsquo;un enseignement fond\u00e9 sur l&rsquo;optimisme en valorisant ce qu&rsquo;elles nomment une praxis de l&rsquo;esp\u00e9rance critique.<\/p>\n\n\n\n<p class=\"has-black-color has-text-color has-link-color wp-elements-9ac00cf961d1ea846fe5a532228b76c6\"><\/p>\n\n\n\n<p class=\"has-black-color has-text-color has-link-color wp-elements-4d35a5c7326476cdd9d441eb3bacdd52\"><strong>La fin d\u2019un monde habitable, la fin d\u2019un r\u00e9cit p\u00e9dagogique\u202f?<\/strong><\/p>\n\n\n\n<p class=\"has-black-color has-text-color has-link-color wp-elements-f4a7e3f15c9bfe8c70555262cdf776a8\">L\u2019alerte est d\u00e9sormais partag\u00e9e par la quasi-totalit\u00e9 de la communaut\u00e9 scientifique. L\u2019objectif de limiter le r\u00e9chauffement \u00e0 1,5 degr\u00e9 est hors d\u2019atteinte, les cons\u00e9quences sur les \u00e9cosyst\u00e8mes sont irr\u00e9versibles, et les trajectoires actuelles m\u00e8nent \u00e0 une aggravation continue des effets climatiques. Pourtant, dans de nombreux pays, les engagements politiques s\u2019amenuisent, les \u00e9missions repartent \u00e0 la hausse, et les m\u00e9canismes de solidarit\u00e9 internationale montrent leurs limites.<\/p>\n\n\n\n<p class=\"has-black-color has-text-color has-link-color wp-elements-0d9bbcae9f169992bde3ba98e7416bac\">Dans ce contexte, les professionnels de l\u2019enseignement se retrouvent expos\u00e9s \u00e0 une forme de double peine. Non seulement ils doivent continuer \u00e0 transmettre des savoirs scientifiques de qualit\u00e9, mais ils doivent le faire dans un environnement satur\u00e9 d\u2019\u00e9co-anxi\u00e9t\u00e9, d\u2019\u00e9co-paralysie et parfois de perte de sens. Cette tension traverse \u00e0 la fois les \u00e9l\u00e8ves et leurs enseignants. Le danger n\u2019est plus l\u2019ignorance, mais l\u2019\u00e9puisement moral.<\/p>\n\n\n\n<p class=\"has-black-color has-text-color has-link-color wp-elements-89f1b33b3181c6cf6094cf54cbf3f678\"><strong>Esp\u00e9rer autrement pour ne pas sombrer<\/strong><\/p>\n\n\n\n<p class=\"has-black-color has-text-color has-link-color wp-elements-743f62192f8facedd9a4ec63884f91fc\">Nombre d&rsquo;initiatives \u00e9ducatives misent encore sur l&rsquo;espoir comme moteur d&rsquo;engagement. Mais que signifie esp\u00e9rer quand la trajectoire semble d\u00e9j\u00e0 irr\u00e9versiblement compromise&nbsp;? Comment distinguer l\u2019esp\u00e9rance sinc\u00e8re de l&rsquo;optimisme na\u00eff, ou pire, du d\u00e9ni politique&nbsp;? C\u2019est ici que les autrices mobilisent une approche singuli\u00e8re&nbsp;: celle de l&rsquo;esp\u00e9rance critique, inspir\u00e9e des travaux de Paulo Freire et adapt\u00e9e aux urgences climatiques contemporaines.<\/p>\n\n\n\n<p class=\"has-black-color has-text-color has-link-color wp-elements-9a82a116794dd13bf2b380a52c15303e\">Loin d&rsquo;inviter \u00e0 un sursaut de volontarisme, cette approche invite \u00e0 une lucidit\u00e9 radicale. Il ne s&rsquo;agit plus d&rsquo;enseigner dans l&rsquo;illusion d\u2019un avenir meilleur, mais d&rsquo;accompagner les apprenants dans la construction d&rsquo;un rapport au monde o\u00f9 l&rsquo;action reste possible, malgr\u00e9 l&rsquo;effondrement partiel des rep\u00e8res. L&rsquo;esp\u00e9rance critique ne nie pas les \u00e9motions n\u00e9gatives. Elle les accueille comme des signaux l\u00e9gitimes, parfois douloureux, mais aussi porteurs de compr\u00e9hension, de dignit\u00e9 et de r\u00e9sistance.<\/p>\n\n\n\n<p class=\"has-black-color has-text-color has-link-color wp-elements-479f5275b53bc5665561de4136d8101d\"><strong>Une p\u00e9dagogie qui articule savoirs, \u00e9motions, syst\u00e8mes et actions<\/strong><\/p>\n\n\n\n<p class=\"has-black-color has-text-color has-link-color wp-elements-39d34a0b803f4f31d61a28073e7d705a\">L&rsquo;article propose une structuration p\u00e9dagogique autour de quatre dimensions indissociables. D&rsquo;abord, transmettre des connaissances scientifiques solides sur l&rsquo;\u00e9tat du climat, les limites plan\u00e9taires et les trajectoires \u00e0 venir. Ensuite, cr\u00e9er des espaces o\u00f9 les \u00e9motions peuvent \u00eatre reconnues, partag\u00e9es, travaill\u00e9es. Troisi\u00e8mement, mettre au jour les racines syst\u00e9miques de la crise, en interrogeant les mod\u00e8les de d\u00e9veloppement, les logiques extractivistes et les h\u00e9ritages coloniaux. Enfin, encourager les d\u00e9marches d&rsquo;engagement collectif qui permettent de retrouver une prise, m\u00eame partielle, sur les situations v\u00e9cues.<\/p>\n\n\n\n<p class=\"has-black-color has-text-color has-link-color wp-elements-0bbfdcb7df57a364a0794b1afbf8c4d1\">Cette approche globale ne repose pas sur des recettes toutes faites. Elle suppose une transformation du r\u00f4le de l&rsquo;enseignant, qui devient un guide capable d&rsquo;alterner entre \u00e9coute, confrontation, exposition des faits et accompagnement vers l&rsquo;action. Il s&rsquo;agit d&rsquo;apprendre \u00e0 penser et ressentir \u00e0 plusieurs, dans la complexit\u00e9, sans renoncer \u00e0 la responsabilit\u00e9.<\/p>\n\n\n\n<p class=\"has-black-color has-text-color has-link-color wp-elements-b0636ce39b4afeca592366c328698cf0\"><strong>Un exemple concret de transformation \u00e9ducative<\/strong><\/p>\n\n\n\n<p class=\"has-black-color has-text-color has-link-color wp-elements-d25424625d0a10b8566e8057a25fc340\">Pour illustrer leur propos, les autrices s\u2019appuient sur un cours universitaire intitul\u00e9 Wicked Problems of Sustainability. Les \u00e9tudiants y sont invit\u00e9s \u00e0 mener un double projet. D&rsquo;un c\u00f4t\u00e9, ils d\u00e9veloppent des pratiques hebdomadaires de r\u00e9gulation \u00e9motionnelle, comme la m\u00e9ditation, la cr\u00e9ation artistique ou les activit\u00e9s en nature. De l&rsquo;autre, ils s&rsquo;engagent dans une action concr\u00e8te, en rejoignant une initiative associative ou universitaire en lien avec la transition \u00e9cologique.<\/p>\n\n\n\n<p class=\"has-black-color has-text-color has-link-color wp-elements-2fd4ed78b434f1a89d9afba9584221b4\">Le cours int\u00e8gre aussi une lecture critique des syst\u00e8mes en place. Les \u00e9tudiant\u00b7es enqu\u00eatent sur le fonctionnement du syst\u00e8me alimentaire de leur campus, d\u00e9couvrant au passage des m\u00e9canismes d&rsquo;exploitation m\u00e9connus, des in\u00e9galit\u00e9s profondes et un manque criant de coh\u00e9rence entre discours et pratiques institutionnelles. La col\u00e8re exprim\u00e9e par les \u00e9tudiants n&rsquo;est pas r\u00e9prim\u00e9e. Elle devient un moteur pour penser autrement les responsabilit\u00e9s, les alliances possibles, et les strat\u00e9gies d&rsquo;action.<\/p>\n\n\n\n<p class=\"has-black-color has-text-color has-link-color wp-elements-d66ef292e9e1a1371c62187949dd14b9\"><strong>Vers une transformation durable des pratiques p\u00e9dagogiques<\/strong><\/p>\n\n\n\n<p class=\"has-black-color has-text-color has-link-color wp-elements-e194cc4cd72b44c37f6f0a3fcaa432d5\">Cette exp\u00e9rimentation p\u00e9dagogique montre qu&rsquo;il est possible d&rsquo;articuler transmission des savoirs, \u00e9coute des \u00e9motions, analyse syst\u00e9mique et engagement local. Les \u00e9tudiant\u00b7es en sortent transform\u00e9s. Non pas plus optimistes, mais mieux outill\u00e9s pour faire face \u00e0 la complexit\u00e9 du monde, mieux capables de discerner les marges d&rsquo;action et d&rsquo;assumer leur place dans les luttes \u00e0 venir.<\/p>\n\n\n\n<p class=\"has-black-color has-text-color has-link-color wp-elements-a2e9bcb86b54bb6abfdd48ef198b5656\">L&rsquo;esp\u00e9rance critique ne promet pas un avenir radieux. Elle invite \u00e0 habiter notre \u00e9poque avec dignit\u00e9. Elle repose sur l&rsquo;id\u00e9e que le courage ne r\u00e9side pas dans l&rsquo;assurance d&rsquo;un succ\u00e8s, mais dans la capacit\u00e9 \u00e0 continuer \u00e0 agir, \u00e0 aimer, \u00e0 s&rsquo;indigner, malgr\u00e9 tout.<\/p>\n\n\n\n<p class=\"has-black-color has-text-color has-link-color wp-elements-a8ac6b27848ab5009a8e2eef26a3caa8\"><strong>Et maintenant\u202f? Pour une \u00e9ducation qui forme \u00e0 tenir debout<\/strong><\/p>\n\n\n\n<p class=\"has-black-color has-text-color has-link-color wp-elements-b0e2a84cc26d8880a2ea48180e5e429e\">L\u2019article se termine sur une question sans r\u00e9ponse d\u00e9finitive. Que vaut encore l&rsquo;espoir si son objet n&rsquo;est plus atteignable&nbsp;? Les auteurs ne cherchent pas \u00e0 r\u00e9soudre cette tension. Ils sugg\u00e8rent plut\u00f4t que chaque dixi\u00e8me de degr\u00e9 \u00e9vit\u00e9, chaque esp\u00e8ce prot\u00e9g\u00e9e, chaque lien humain restaur\u00e9 constitue en soi une victoire. Non parce qu&rsquo;il s&rsquo;agirait de gagner, mais parce qu&rsquo;il s&rsquo;agit de tenir, ensemble, dans un monde ab\u00eem\u00e9.<\/p>\n\n\n\n<p class=\"has-black-color has-text-color has-link-color wp-elements-5bf13e345281c056866f90909c8c6df6\">L&rsquo;esp\u00e9rance critique, telle qu&rsquo;elle est propos\u00e9e ici, est donc moins une \u00e9motion qu\u2019une posture \u00e9thique. Elle transforme la mani\u00e8re d&rsquo;enseigner, de vivre et de lutter. Elle invite \u00e0 transmettre autrement&nbsp;: non pas des illusions, mais des ressources int\u00e9rieures, des grilles de lecture, et des gestes pour ne pas d\u00e9tourner les yeux.<\/p>\n\n\n\n<p class=\"has-black-color has-text-color has-link-color wp-elements-79b35c0a56beda72e0a6bc1975e8b082\">Car enseigner aujourd&rsquo;hui, c\u2019est peut-\u00eatre cela&nbsp;: tenir une lampe dans la nuit, non pour pr\u00e9tendre l&rsquo;\u00e9clairer tout enti\u00e8re, mais pour montrer qu&rsquo;il reste des chemins, et que certains, malgr\u00e9 tout, les empruntent.<\/p>\n<!-- templates\/buttons-placeholder.php -->\n<div class=\"da-reactions-outer TpostID12920\">\n\t    <div class=\"da-reactions-data da-reactions-container-async center\"\n         data-type=\"post\"\n         data-id=\"12920\"\n         id=\"da-reactions-slot-post-12920\">\n        <div class=\"da-reactions-exposed\">\n\t\t\t<img src=\"https:\/\/gregoryderville.com\/wp-content\/plugins\/da-reactions\/assets\/dist\/loading.svg\" alt=\"Loading spinner\" width=\"64\" height=\"64\" style=\"width:64px\" \/>\n        <\/div>\n    <\/div>\n<\/div>\n","protected":false},"excerpt":{"rendered":"<p>L&rsquo;effondrement \u00e9cologique est tout sauf un fantasme mill\u00e9nariste&nbsp;: c&rsquo;est une r\u00e9alit\u00e9 document\u00e9e, incontestable. Les \u00e9missions de CO2 continuent \u00e0 augmenter au niveau mondial, la biodiversit\u00e9 animale et v\u00e9g\u00e9tale est an\u00e9antie&hellip;<a href=\"https:\/\/gregoryderville.com\/index.php\/2025\/10\/20\/enseigner-sur-leffondrement-ecologique-sans-desesperer-est-ce-que-possible-et-comment-faire\/\" class=\"more-link\"><span class=\"more-button\">Continue reading<span class=\"screen-reader-text\">Enseigner sur l&rsquo;effondrement \u00e9cologique sans (s&rsquo;)effondrer: est-ce possible, et comment faire\u00a0?<\/span><\/span><\/a><\/p>\n<!-- templates\/buttons-placeholder.php -->\n<div class=\"da-reactions-outer TpostID12920\">\n\t    <div class=\"da-reactions-data da-reactions-container-async center\"\n         data-type=\"post\"\n         data-id=\"12920\"\n         id=\"da-reactions-slot-post-12920\">\n        <div class=\"da-reactions-exposed\">\n\t\t\t<img src=\"https:\/\/gregoryderville.com\/wp-content\/plugins\/da-reactions\/assets\/dist\/loading.svg\" alt=\"Loading spinner\" width=\"64\" height=\"64\" style=\"width:64px\" \/>\n        <\/div>\n    <\/div>\n<\/div>\n","protected":false},"author":1,"featured_media":12924,"comment_status":"open","ping_status":"open","sticky":false,"template":"","format":"standard","meta":{"footnotes":""},"categories":[734,88,86],"tags":[97,829],"class_list":["post-12920","post","type-post","status-publish","format-standard","has-post-thumbnail","hentry","category-articles-de-fond","category-ecologie","category-societe","tag-effondrement-collapse","tag-enseignement-education"],"_links":{"self":[{"href":"https:\/\/gregoryderville.com\/index.php\/wp-json\/wp\/v2\/posts\/12920","targetHints":{"allow":["GET"]}}],"collection":[{"href":"https:\/\/gregoryderville.com\/index.php\/wp-json\/wp\/v2\/posts"}],"about":[{"href":"https:\/\/gregoryderville.com\/index.php\/wp-json\/wp\/v2\/types\/post"}],"author":[{"embeddable":true,"href":"https:\/\/gregoryderville.com\/index.php\/wp-json\/wp\/v2\/users\/1"}],"replies":[{"embeddable":true,"href":"https:\/\/gregoryderville.com\/index.php\/wp-json\/wp\/v2\/comments?post=12920"}],"version-history":[{"count":25,"href":"https:\/\/gregoryderville.com\/index.php\/wp-json\/wp\/v2\/posts\/12920\/revisions"}],"predecessor-version":[{"id":13051,"href":"https:\/\/gregoryderville.com\/index.php\/wp-json\/wp\/v2\/posts\/12920\/revisions\/13051"}],"wp:featuredmedia":[{"embeddable":true,"href":"https:\/\/gregoryderville.com\/index.php\/wp-json\/wp\/v2\/media\/12924"}],"wp:attachment":[{"href":"https:\/\/gregoryderville.com\/index.php\/wp-json\/wp\/v2\/media?parent=12920"}],"wp:term":[{"taxonomy":"category","embeddable":true,"href":"https:\/\/gregoryderville.com\/index.php\/wp-json\/wp\/v2\/categories?post=12920"},{"taxonomy":"post_tag","embeddable":true,"href":"https:\/\/gregoryderville.com\/index.php\/wp-json\/wp\/v2\/tags?post=12920"}],"curies":[{"name":"wp","href":"https:\/\/api.w.org\/{rel}","templated":true}]}}