{"id":14406,"date":"2026-01-26T15:34:42","date_gmt":"2026-01-26T14:34:42","guid":{"rendered":"https:\/\/gregoryderville.com\/?p=14406"},"modified":"2026-01-31T22:06:10","modified_gmt":"2026-01-31T21:06:10","slug":"nous-entrons-dans-lere-de-la-faillite-de-leau","status":"publish","type":"post","link":"https:\/\/gregoryderville.com\/index.php\/2026\/01\/26\/nous-entrons-dans-lere-de-la-faillite-de-leau\/","title":{"rendered":"Nous entrons dans \u00ab\u00a0l&rsquo;\u00e8re de la faillite de l&rsquo;eau\u00a0\u00bb"},"content":{"rendered":"\n<p class=\"has-black-color has-text-color has-link-color wp-elements-d380ad08ec79693a3adc17c6cb622df2\">Comme souvent, excellent <a href=\"https:\/\/reporterre.net\/Nous-entrons-dans-l-ere-de-la-faillite-de-l-eau-alerte-un-rapport-de-l-ONU\" data-type=\"link\" data-id=\"https:\/\/reporterre.net\/Nous-entrons-dans-l-ere-de-la-faillite-de-l-eau-alerte-un-rapport-de-l-ONU\">article dans <em>Reporterre<\/em><\/a> au sujet d&rsquo;un rapport r\u00e9cent de l&rsquo;Institut pour l&rsquo;eau, l&rsquo;environnement et la sant\u00e9, qui est l&rsquo;une des agences de l&rsquo;ONU.<\/p>\n\n\n\n<p class=\"has-black-color has-text-color has-link-color wp-elements-cc2c36f36845b208f9194a695c0bfc64\">Cette agence onusienne a rendu il y a quelques jours un rapport dans lequel elle \u00e9crit de fa\u00e7on tr\u00e8s claire qu&rsquo;il n&rsquo;est plus pertinent de parler seulement d&rsquo;une \u00ab\u00a0crise de <a href=\"https:\/\/gregoryderville.com\/index.php\/accueil\/\">l&rsquo;eau<\/a>\u00a0\u00bb , car la plan\u00e8te est carr\u00e9ment entr\u00e9e dans \u00ab\u00a0<em>l&rsquo;\u00e8re de la faillite mondiale de l&rsquo;eau<\/em>\u00a0\u00bb \u2013 c&rsquo;est m\u00eame le titre du rapport (<a href=\"https:\/\/unu.edu\/inweh\/collection\/global-water-bankruptcy\"><em><strong>Global Water Bankruptcy<\/strong><\/em><\/a>). La m\u00e9taphore financi\u00e8re de la faillite ou de la banqueroute souligne bien le fait que d\u00e9sormais il n&rsquo;est plus possible de corriger la situation et d&rsquo;\u00e9viter les p\u00e9nuries d&rsquo;eau&nbsp;: sur ce sujet, nous sommes d&rsquo;ores et d\u00e9j\u00e0 entr\u00e9s dans un \u00e9tat du monde nouveau et irr\u00e9versible, de la m\u00eame mani\u00e8re qu&rsquo;une entreprise qui fait faillite dispara\u00eet, purement et simplement.<\/p>\n\n\n<div class=\"wp-block-image\">\n<figure class=\"alignleft size-full is-resized\"><img loading=\"lazy\" decoding=\"async\" width=\"598\" height=\"257\" src=\"https:\/\/gregoryderville.com\/wp-content\/uploads\/2026\/01\/UNU.png\" alt=\"\" class=\"wp-image-14408\" style=\"width:342px;height:auto\" srcset=\"https:\/\/gregoryderville.com\/wp-content\/uploads\/2026\/01\/UNU.png 598w, https:\/\/gregoryderville.com\/wp-content\/uploads\/2026\/01\/UNU-300x129.png 300w, https:\/\/gregoryderville.com\/wp-content\/uploads\/2026\/01\/UNU-400x172.png 400w\" sizes=\"auto, (max-width: 598px) 100vw, 598px\" \/><\/figure>\n<\/div>\n\n\n<p class=\"has-black-color has-text-color has-link-color wp-elements-448c77e09df113863c17d844f9fc42fb\">Or l&rsquo;eau est bien s\u00fbr un sujet absolument essentiel&nbsp;: bien plus que l&rsquo;\u00e9nergie, elle est <strong>LA ressource fondamentale<\/strong>, celle sans laquelle aucune activit\u00e9 humaine ne peut fonctionner (ni l&rsquo;agriculture, ni l&rsquo;activit\u00e9 mini\u00e8re, ni la fabrication de composants \u00e9lectroniques\u2026), celle sans laquelle toutes les soci\u00e9t\u00e9s humaines s&rsquo;effondrent \u00e0 coup s\u00fbr, de m\u00eame que l&rsquo;ensemble de la biodiversit\u00e9. Comme le r\u00e9sume l&rsquo;Institut pour l&rsquo;eau, l&rsquo;environnement et la sant\u00e9, <strong>l&rsquo;eau est \u00ab\u00a0<\/strong><em><strong>l&rsquo;infrastructure silencieuse de tout<\/strong><\/em>\u00a0\u00bb .<\/p>\n\n\n\n<p class=\"has-black-color has-text-color has-link-color wp-elements-145df3b9a2e71bb5e1fa8aaca426c420\">Selon cet agence onusienne, la faillite globale de l&rsquo;eau peut \u00eatre d\u00e9finie par deux crit\u00e8res&nbsp;:<\/p>\n\n\n\n<p class=\"has-black-color has-text-color has-link-color wp-elements-34fdf0c72c4f01b0ac6b5dfbbdc6e88a\">1) Les pr\u00e9l\u00e8vements d&rsquo;eau douce par les activit\u00e9s humaines exc\u00e8dent les capacit\u00e9s de renouvellement de la plan\u00e8te, si bien que <strong>les r\u00e9servent d&rsquo;eau douce s&rsquo;\u00e9puisent (et se d\u00e9gradent en qualit\u00e9)<\/strong>.<\/p>\n\n\n\n<p class=\"has-black-color has-text-color has-link-color wp-elements-4b669deb42736254b51db64b5a5f51e9\">2) Cet \u00e9puisement des ressources en eau entra\u00eene <strong>des dommages qui sont en grande partie irr\u00e9versibles<\/strong>. Dans l&rsquo;id\u00e9al, on pourrait encore r\u00e9tablir les niveaux historiques d&rsquo;approvisionnement en eau, mais cela ne pourrait se faire qu&rsquo;\u00e0 des co\u00fbts \u00ab\u00a0<em>disproportionn\u00e9s<\/em>\u00a0\u00bb , aussi bien sur le plan financier que sur le plan social et environnemental.<\/p>\n\n\n\n<p class=\"has-black-color has-text-color has-link-color wp-elements-c55f5b50ec1c08797d1371aa9396c69a\">Parmi les illustrations du caract\u00e8re irr\u00e9m\u00e9diable de cette faillite de l&rsquo;eau, les auteurs du rapport prennent l&rsquo;exemple des <strong>aquif\u00e8res<\/strong>. Ceux-ci sont des r\u00e9serves d&rsquo;eau sous-terraines qui prennent la forme de gigantesques poches d&rsquo;eau \u00e0 l&rsquo;int\u00e9rieur de roches poreuses. Un peu partout dans le monde, on pompe dans ces aquif\u00e8res beaucoup plus d&rsquo;eau qu&rsquo;il ne s&rsquo;y infiltre, si bien qu&rsquo;ils se vident petit \u00e0 petit (mais de plus en plus rapidement)\u2026 et au bout d&rsquo;un moment, leur \u00ab\u00a0plafond\u00a0\u00bb finit par s&rsquo;effondrer. Il est alors tout simplement impossible de les utiliser \u2013 autrement dit la r\u00e9serve d&rsquo;eau n&rsquo;existe plus, et il est impossible de la restaurer (ou en tous cas cela ne pourrait se faire qu&rsquo;\u00e0 un co\u00fbt d\u00e9raisonnable). Le signe avant-coureur de l&rsquo;effondrement d&rsquo;un aquif\u00e8re est son affaissement&nbsp;: il se trouve qu&rsquo;\u00e0 l&rsquo;heure actuelle cela concerne environ 5% des terres \u00e9merg\u00e9es !<\/p>\n\n\n<div class=\"wp-block-image\">\n<figure class=\"alignright size-full\"><a href=\"https:\/\/gregoryderville.com\/wp-content\/uploads\/2026\/01\/Glaciers-Montagnes-Magazine.jpg\"><img loading=\"lazy\" decoding=\"async\" width=\"760\" height=\"532\" src=\"https:\/\/gregoryderville.com\/wp-content\/uploads\/2026\/01\/Glaciers-Montagnes-Magazine.jpg\" alt=\"\" class=\"wp-image-14409\" srcset=\"https:\/\/gregoryderville.com\/wp-content\/uploads\/2026\/01\/Glaciers-Montagnes-Magazine.jpg 760w, https:\/\/gregoryderville.com\/wp-content\/uploads\/2026\/01\/Glaciers-Montagnes-Magazine-300x210.jpg 300w, https:\/\/gregoryderville.com\/wp-content\/uploads\/2026\/01\/Glaciers-Montagnes-Magazine-600x420.jpg 600w, https:\/\/gregoryderville.com\/wp-content\/uploads\/2026\/01\/Glaciers-Montagnes-Magazine-400x280.jpg 400w\" sizes=\"auto, (max-width: 760px) 100vw, 760px\" \/><\/a><figcaption class=\"wp-element-caption\"><strong><em>L&rsquo;\u00e9volution du glacier d&rsquo;Ossoue (massif de Vignemale) sur ces derni\u00e8res ann\u00e9es<\/em><\/strong> (\u00ab\u00a0Montagnes magazine\u00a0\u00bb)<\/figcaption><\/figure>\n<\/div>\n\n\n<p class=\"has-black-color has-text-color has-link-color wp-elements-7f31f11956d054d5d049d13df17ef257\">Autre exemple, la fonte des <strong>glaciers<\/strong>. Le rapport de l&rsquo;Institut pour l&rsquo;eau, l&rsquo;environnement et la sant\u00e9 indique que pr\u00e8s de 30% de la masse globale des glaciers a d&rsquo;ores et d\u00e9j\u00e0 disparu depuis 1970, et si la trajectoire actuelle se prolonge on estime que&nbsp;80&nbsp;% des glaciers auront disparu d&rsquo;ici 2100. Ce ph\u00e9nom\u00e8ne est tr\u00e8s pr\u00e9occupant parce que les glaciers sont un \u00e9l\u00e9ment essentiel du cycle de l&rsquo;eau&nbsp;: ils la stockent et ils la rel\u00e2chent de fa\u00e7on progressive pendant les saisons chaudes, ce qui permet \u00e0 la fois de limiter les pr\u00e9cipitations, les crues et l&rsquo;\u00e9rosion pendant les saisons humides, et les s\u00e9cheresses pendant les saisons chaudes.<\/p>\n\n\n\n<p class=\"has-black-color has-text-color has-link-color wp-elements-e07dc0ba3cd4a555af6340aa6e99ef2a\">Les auteurs du rapport soulignent que les causes de la faillite de l&rsquo;eau sont parfaitement connues&nbsp;: elle est \u00ab\u00a0<em><strong>le <\/strong><\/em><em><strong>r\u00e9sultat cumulatif de d\u00e9cisions qui ont syst\u00e9matiquement surexploit\u00e9 le capital hydrologique<\/strong><\/em>\u00a0\u00bb . Par exemple, la surexploitation de l&rsquo;eau de surface et souterraine est tr\u00e8s souvent encourag\u00e9e par une trop faible r\u00e9gulation du gaspillage, par des infrastructures d\u00e9mesur\u00e9es, par le manque d&rsquo;entretien et la d\u00e9gradation des r\u00e9seaux de distribution, voire par par des subventions \u00e0 des pratiques qui surconsomment de l&rsquo;eau (par exemple l&rsquo;irrigation ou l&rsquo;installation de m\u00e9ga-bassines). \u00ab\u00a0<em>Alors m\u00eame que les preuves de d\u00e9passement et de dommages s&rsquo;accumulent, (\u2026) <\/em><em>la l\u00e9gislation, les subventions, les investissements et les projets de d\u00e9veloppement des infrastructures continuent de renforcer la surconsommation, et les d\u00e9cisions politiquement difficiles concernant la r\u00e9duction, la r\u00e9allocation et l&rsquo;adaptation de la demande sont report\u00e9es<\/em>.\u00a0\u00bb <\/p>\n\n\n\n<p class=\"has-black-color has-text-color has-link-color wp-elements-ac135def67d6f2f841cbb7b664bff0d6\">Co\u00efncidence (\u00ab\u00a0je ne crois pas\u00a0\u00bb), l&rsquo;actualit\u00e9 politique fran\u00e7aise r\u00e9cente illustre tout \u00e0 fait cette phrase&nbsp;: le 13 janvier, le Premier ministre S\u00e9bastien Lecornu a annonc\u00e9 un \u00ab\u00a0<em>moratoire<\/em>\u00a0\u00bb sur toutes les d\u00e9cisions relatives \u00e0 la politique de l&rsquo;eau, pour satisfaire les revendications de l&rsquo;agriculture industrielle, laquelle est tr\u00e8s gourmande en eau (l&rsquo;agriculture repr\u00e9sente \u00e0 elle seule 70% de l&rsquo;eau pr\u00e9lev\u00e9e dans le monde), et refuse tout durcissement de la r\u00e9glementation sur les pr\u00e9l\u00e8vements.<\/p>\n\n\n<div class=\"wp-block-image\">\n<figure class=\"alignleft size-full is-resized\"><a href=\"https:\/\/gregoryderville.com\/wp-content\/uploads\/2026\/01\/Secheresse-et-agriculture.jpg\"><img loading=\"lazy\" decoding=\"async\" width=\"800\" height=\"397\" src=\"https:\/\/gregoryderville.com\/wp-content\/uploads\/2026\/01\/Secheresse-et-agriculture.jpg\" alt=\"\" class=\"wp-image-14410\" style=\"aspect-ratio:2.015251335788764;width:525px;height:auto\" srcset=\"https:\/\/gregoryderville.com\/wp-content\/uploads\/2026\/01\/Secheresse-et-agriculture.jpg 800w, https:\/\/gregoryderville.com\/wp-content\/uploads\/2026\/01\/Secheresse-et-agriculture-300x149.jpg 300w, https:\/\/gregoryderville.com\/wp-content\/uploads\/2026\/01\/Secheresse-et-agriculture-768x381.jpg 768w, https:\/\/gregoryderville.com\/wp-content\/uploads\/2026\/01\/Secheresse-et-agriculture-600x298.jpg 600w, https:\/\/gregoryderville.com\/wp-content\/uploads\/2026\/01\/Secheresse-et-agriculture-400x199.jpg 400w\" sizes=\"auto, (max-width: 800px) 100vw, 800px\" \/><\/a><\/figure>\n<\/div>\n\n\n<p class=\"has-black-color has-text-color has-link-color wp-elements-3b0e2c7ebe030547fa59664d035c3ac4\">Malheureusement pour elle (et pour nous), l&rsquo;agriculture n&rsquo;est pas seulement la principale responsable de cette faillite de l&rsquo;eau, elle en est aussi la premi\u00e8re victime. En effet, \u00ab\u00a0<em><strong>plus de la moiti\u00e9 de la production mondiale de nourriture est r\u00e9alis\u00e9e dans des r\u00e9gions o\u00f9 les r\u00e9se<\/strong><\/em><em><strong>rves d&rsquo;eau diminuent ou sont instables<\/strong><\/em>\u00a0\u00bb . La banqueroute \u00e9tant d\u00e9j\u00e0 confirm\u00e9e, il y a donc devant nous, irr\u00e9m\u00e9diablement, des <strong>risques de p\u00e9nurie alimentaire<\/strong>, mais aussi <strong>un accroissement et une aggravation des conflits pour l&rsquo;eau<\/strong> (il y en avait une cinquantaine par an au d\u00e9but des ann\u00e9es 2010, mais en 2024 il en a eu 400).<\/p>\n\n\n<div class=\"wp-block-image\">\n<figure class=\"alignright size-large is-resized\"><a href=\"https:\/\/gregoryderville.com\/wp-content\/uploads\/2026\/01\/Riches-et-faillite-de-leau.jpeg\"><img loading=\"lazy\" decoding=\"async\" width=\"830\" height=\"1024\" src=\"https:\/\/gregoryderville.com\/wp-content\/uploads\/2026\/01\/Riches-et-faillite-de-leau-830x1024.jpeg\" alt=\"\" class=\"wp-image-14478\" style=\"width:380px;height:auto\" srcset=\"https:\/\/gregoryderville.com\/wp-content\/uploads\/2026\/01\/Riches-et-faillite-de-leau-830x1024.jpeg 830w, https:\/\/gregoryderville.com\/wp-content\/uploads\/2026\/01\/Riches-et-faillite-de-leau-243x300.jpeg 243w, https:\/\/gregoryderville.com\/wp-content\/uploads\/2026\/01\/Riches-et-faillite-de-leau-768x947.jpeg 768w, https:\/\/gregoryderville.com\/wp-content\/uploads\/2026\/01\/Riches-et-faillite-de-leau-503x620.jpeg 503w, https:\/\/gregoryderville.com\/wp-content\/uploads\/2026\/01\/Riches-et-faillite-de-leau-811x1000.jpeg 811w, https:\/\/gregoryderville.com\/wp-content\/uploads\/2026\/01\/Riches-et-faillite-de-leau-527x650.jpeg 527w, https:\/\/gregoryderville.com\/wp-content\/uploads\/2026\/01\/Riches-et-faillite-de-leau-365x450.jpeg 365w, https:\/\/gregoryderville.com\/wp-content\/uploads\/2026\/01\/Riches-et-faillite-de-leau.jpeg 1007w\" sizes=\"auto, (max-width: 830px) 100vw, 830px\" \/><\/a><\/figure>\n<\/div>\n\n\n<p class=\"has-black-color has-text-color has-link-color wp-elements-5c01e1df81074cbaf16a24c5a83e1ba1\">L&rsquo;une des le\u00e7ons de ce rapport onusien, c&rsquo;est qu&rsquo;<strong>un cycle de l&rsquo;eau normal est <\/strong><strong>tout simplement impossible dans le mode de d\u00e9veloppement actuel et notamment dans l&rsquo;agriculture industrielle<\/strong>. Il est donc primordial d&rsquo;aligner l&rsquo;activit\u00e9 \u00e9conomique sur \u00ab\u00a0<em>les limites hydrologiques r\u00e9elles<\/em>\u00a0\u00bb , qui ne sont qu&rsquo;une illustration parmi d&rsquo;autres des fameuses fronti\u00e8res plan\u00e9taires. Dans le domaine agricole, par exemple, il est urgent de renoncer et de cesser de subventionner les cultures et les pratiques les plus gourmandes en eau, de pr\u00e9server les zones humides. C&rsquo;est un enjeu de survie, mais aussi de justice, car \u00e0 l&rsquo;heure actuelle la surconsommation d&rsquo;eau profite avant tout aux acteurs les plus puissants de l&rsquo;agro-industrie, tandis que les p\u00e9nuries actuelles et \u00e0 venir frappent et frapperont surtout les petits producteurs, les populations autochtones et les habitants les plus pauvres.<\/p>\n\n\n\n<p class=\"has-black-color has-text-color has-link-color wp-elements-41399cc31398fe5078303f152a14b106\">Les soci\u00e9t\u00e9s industrielles occidentales refusent depuis des ann\u00e9es de s&rsquo;engager r\u00e9solument dans leur propre transformation \u00e9cologique, sous pr\u00e9texte que c&rsquo;est \u00ab\u00a0punitif\u00a0\u00bb. Le r\u00e9sultat est l\u00e0 : le monde entier, notamment les plus fragile (et les non humains), est et sera de plus en plus \u00ab\u00a0puni\u00a0\u00bb , en l&rsquo;occurrence par le manque d&rsquo;eau, les s\u00e9cheresses, les crues&#8230;<\/p>\n\n\n\n<p class=\"has-text-align-center has-black-color has-text-color has-link-color wp-elements-c5995833d97d0e9c85ea96ca8bd01cb2\">\/\/\/\/\/\/<\/p>\n\n\n\n<p class=\"has-black-color has-text-color has-link-color wp-elements-ee89474393697745170aab704f644095\">\u00c0 titre personnel, ce rapport me conforte dans ma conviction que <strong>l&rsquo;eau est LE crit\u00e8re essentiel pour une installation \u00e0 la campagne avec un objectif d&rsquo;autonomie alimentaire partielle<\/strong>. Il y a 15 ans, j&rsquo;\u00e9tais vraiment obnubil\u00e9 par l&rsquo;\u00e9nergie, mais depuis j&rsquo;ai compris que le probl\u00e8me de l&rsquo;eau est infiniment plus grave. Faire sans \u00e9nergie, ce sera gal\u00e8re, fatigant, douloureux, p\u00e9nible, etc., mais sans eau, tout s&rsquo;arr\u00eate, y compris les v\u00e9g\u00e9taux&#8230; Si je suis venu m&rsquo;installer dans le Limousin, c&rsquo;est entre autres raisons parce que les sols, la pluviom\u00e9trie et le relief permettent, bien plus facilement que dans d&rsquo;autres r\u00e9gions, de mettre en \u0153uvre le triptyque fondamental de la gestion de l&rsquo;eau&nbsp;: <strong>collecter, stocker, distribuer<\/strong>. En lisant les comptes-rendus de ce ce rapport, je me dis aussi que d\u00e9cid\u00e9ment j&rsquo;ai tr\u00e8s bien fait de faire installer <a href=\"https:\/\/gregoryderville.com\/index.php\/2024\/08\/31\/installation-de-deux-cuves-de-recuperation-deau-de-pluie\/\">deux cuves en b\u00e9ton de 10.000 litres chacune&nbsp;<\/a>: avec en plus la source de l&rsquo;abreuvoir, je peux voir venir et permettre \u00e0 mes arbres et mon jardin de supporter une s\u00e9cheresse\u2026 jusqu&rsquo;\u00e0 ce qu&rsquo;il y en ait une trop longue et grave. Au train o\u00f9 vont les choses, on n&rsquo;est plus \u00e0 l&rsquo;abri de rien \ud83d\ude2c<\/p>\n\n\n\n<figure class=\"wp-block-embed is-type-video is-provider-youtube wp-block-embed-youtube wp-embed-aspect-4-3 wp-has-aspect-ratio\"><div class=\"wp-block-embed__wrapper\">\n<iframe loading=\"lazy\" title=\"Ren\u00e9 Dumont &quot;Je bois devant vous un verre d&#039;eau pr\u00e9cieuse...&quot;\" width=\"1230\" height=\"923\" src=\"https:\/\/www.youtube.com\/embed\/1_weZ8284-0?feature=oembed\" frameborder=\"0\" allow=\"accelerometer; autoplay; clipboard-write; encrypted-media; gyroscope; picture-in-picture; web-share\" referrerpolicy=\"strict-origin-when-cross-origin\" allowfullscreen><\/iframe>\n<\/div><\/figure>\n<!-- templates\/buttons-placeholder.php -->\n<div class=\"da-reactions-outer TpostID14406\">\n\t    <div class=\"da-reactions-data da-reactions-container-async center\"\n         data-type=\"post\"\n         data-id=\"14406\"\n         id=\"da-reactions-slot-post-14406\">\n        <div class=\"da-reactions-exposed\">\n\t\t\t<img src=\"https:\/\/gregoryderville.com\/wp-content\/plugins\/da-reactions\/assets\/dist\/loading.svg\" alt=\"Loading spinner\" width=\"64\" height=\"64\" style=\"width:64px\" \/>\n        <\/div>\n    <\/div>\n<\/div>\n","protected":false},"excerpt":{"rendered":"<p>Comme souvent, excellent article dans Reporterre au sujet d&rsquo;un rapport r\u00e9cent de l&rsquo;Institut pour l&rsquo;eau, l&rsquo;environnement et la sant\u00e9, qui est l&rsquo;une des agences de l&rsquo;ONU. Cette agence onusienne a&hellip;<a href=\"https:\/\/gregoryderville.com\/index.php\/2026\/01\/26\/nous-entrons-dans-lere-de-la-faillite-de-leau\/\" class=\"more-link\"><span class=\"more-button\">Continue reading<span class=\"screen-reader-text\">Nous entrons dans \u00ab\u00a0l&rsquo;\u00e8re de la faillite de l&rsquo;eau\u00a0\u00bb<\/span><\/span><\/a><\/p>\n<!-- templates\/buttons-placeholder.php -->\n<div class=\"da-reactions-outer TpostID14406\">\n\t    <div class=\"da-reactions-data da-reactions-container-async center\"\n         data-type=\"post\"\n         data-id=\"14406\"\n         id=\"da-reactions-slot-post-14406\">\n        <div class=\"da-reactions-exposed\">\n\t\t\t<img src=\"https:\/\/gregoryderville.com\/wp-content\/plugins\/da-reactions\/assets\/dist\/loading.svg\" alt=\"Loading spinner\" width=\"64\" height=\"64\" style=\"width:64px\" \/>\n        <\/div>\n    <\/div>\n<\/div>\n","protected":false},"author":1,"featured_media":14407,"comment_status":"open","ping_status":"open","sticky":false,"template":"","format":"standard","meta":{"footnotes":""},"categories":[88],"tags":[56,687,97],"class_list":["post-14406","post","type-post","status-publish","format-standard","has-post-thumbnail","hentry","category-ecologie","tag-agriculture","tag-eau","tag-effondrement-collapse"],"_links":{"self":[{"href":"https:\/\/gregoryderville.com\/index.php\/wp-json\/wp\/v2\/posts\/14406","targetHints":{"allow":["GET"]}}],"collection":[{"href":"https:\/\/gregoryderville.com\/index.php\/wp-json\/wp\/v2\/posts"}],"about":[{"href":"https:\/\/gregoryderville.com\/index.php\/wp-json\/wp\/v2\/types\/post"}],"author":[{"embeddable":true,"href":"https:\/\/gregoryderville.com\/index.php\/wp-json\/wp\/v2\/users\/1"}],"replies":[{"embeddable":true,"href":"https:\/\/gregoryderville.com\/index.php\/wp-json\/wp\/v2\/comments?post=14406"}],"version-history":[{"count":20,"href":"https:\/\/gregoryderville.com\/index.php\/wp-json\/wp\/v2\/posts\/14406\/revisions"}],"predecessor-version":[{"id":14483,"href":"https:\/\/gregoryderville.com\/index.php\/wp-json\/wp\/v2\/posts\/14406\/revisions\/14483"}],"wp:featuredmedia":[{"embeddable":true,"href":"https:\/\/gregoryderville.com\/index.php\/wp-json\/wp\/v2\/media\/14407"}],"wp:attachment":[{"href":"https:\/\/gregoryderville.com\/index.php\/wp-json\/wp\/v2\/media?parent=14406"}],"wp:term":[{"taxonomy":"category","embeddable":true,"href":"https:\/\/gregoryderville.com\/index.php\/wp-json\/wp\/v2\/categories?post=14406"},{"taxonomy":"post_tag","embeddable":true,"href":"https:\/\/gregoryderville.com\/index.php\/wp-json\/wp\/v2\/tags?post=14406"}],"curies":[{"name":"wp","href":"https:\/\/api.w.org\/{rel}","templated":true}]}}