{"id":15002,"date":"2026-03-13T10:33:43","date_gmt":"2026-03-13T09:33:43","guid":{"rendered":"https:\/\/gregoryderville.com\/?p=15002"},"modified":"2026-03-13T10:36:00","modified_gmt":"2026-03-13T09:36:00","slug":"cest-confirme-la-republique-a-rendu-hommage-a-un-fasciste-et-raciste-assume","status":"publish","type":"post","link":"https:\/\/gregoryderville.com\/index.php\/2026\/03\/13\/cest-confirme-la-republique-a-rendu-hommage-a-un-fasciste-et-raciste-assume\/","title":{"rendered":"C&rsquo;est confirm\u00e9: la R\u00e9publique a rendu hommage \u00e0 un fasciste et raciste assum\u00e9"},"content":{"rendered":"\n<p class=\"has-black-color has-text-color has-link-color wp-elements-34766d62b4711c54d413530ddc5b1ff9\">La minute de silence en son hommage, l&rsquo;affiche sur la fa\u00e7ade de l&rsquo;h\u00f4tel de r\u00e9gion R\u00e9gion Auvergne-Rh\u00f4ne-Alpes, la demande par Jean-Michel Aulas que la mairie de Lyon rende hommage \u00e0 ce nazillon, tout cela \u00e9tait d\u00e9j\u00e0 r\u00e9voltant et \u00e9coeurant. Ecoeurante aussi \u00e9tait l&rsquo;hypocrisie de l&rsquo;extr\u00eame-droite, de la droite et m\u00eame de la Macronie, alors qu&rsquo;on savait tr\u00e8s bien que Quentin Deranque \u00e9tait venu pour casser du LFI (et de l&rsquo;antifa, et du bougnoule, et du p\u00e9d\u00e9), et que lui et son organisation avait programm\u00e9 des affrontements, en organisant m\u00eame un guet-apens avec les furies de Nemesis (les vrais f\u00e9minazies, ne sont bien elles!).<\/p>\n\n\n\n<p class=\"has-black-color has-text-color has-link-color wp-elements-bd91bc8ed6083d5e1e32054f0670ad1f\">Maintenant que les \u00e9l\u00e9ments sur l&rsquo;id\u00e9ologie effroyable de Quentin Deranque sont rendus publics gr\u00e2ce \u00e0 l&rsquo;enqu\u00eate de Mediapart, les mots manquent pour exprimer le d\u00e9go\u00fbt que l&rsquo;on ressent \u00e0 voir la droite anciennement \u00ab\u00a0r\u00e9publicaine\u00a0\u00bb se vautrer dans une telle compromission avec des n\u00e9o-nazis assum\u00e9s. Ces gens l\u00e0 se sont d\u00e9finitivement d\u00e9shonor\u00e9s.<\/p>\n\n\n\n<p class=\"has-black-color has-text-color has-link-color wp-elements-0abbd57cfa423da19f17ebb2fb329fa0\">Bien s\u00fbr, ce jeune n&rsquo;aurait pas d\u00fb \u00eatre frapp\u00e9 comme il l&rsquo;a \u00e9t\u00e9. Il n&rsquo;en reste pas moins que c&rsquo;\u00e9tait une pourriture. Voil\u00e0 le genre de rassemblement auxquels il participait&#8230;<\/p>\n\n\n<div class=\"wp-block-image\">\n<figure class=\"aligncenter size-full\"><a href=\"https:\/\/gregoryderville.com\/wp-content\/uploads\/2026\/03\/Manif-de-neo-nazis.jpg\"><img loading=\"lazy\" decoding=\"async\" width=\"800\" height=\"448\" src=\"https:\/\/gregoryderville.com\/wp-content\/uploads\/2026\/03\/Manif-de-neo-nazis.jpg\" alt=\"\" class=\"wp-image-15004\" srcset=\"https:\/\/gregoryderville.com\/wp-content\/uploads\/2026\/03\/Manif-de-neo-nazis.jpg 800w, https:\/\/gregoryderville.com\/wp-content\/uploads\/2026\/03\/Manif-de-neo-nazis-300x168.jpg 300w, https:\/\/gregoryderville.com\/wp-content\/uploads\/2026\/03\/Manif-de-neo-nazis-768x430.jpg 768w, https:\/\/gregoryderville.com\/wp-content\/uploads\/2026\/03\/Manif-de-neo-nazis-600x336.jpg 600w, https:\/\/gregoryderville.com\/wp-content\/uploads\/2026\/03\/Manif-de-neo-nazis-400x224.jpg 400w\" sizes=\"auto, (max-width: 800px) 100vw, 800px\" \/><\/a><\/figure>\n<\/div>\n\n\n<p class=\"has-black-color has-text-color has-link-color wp-elements-c89561662b27d3d91aca351dc3918cf5\">Et pour illustrer l&rsquo;ampleur de son engagement en faveur de l&rsquo;id\u00e9ologie nazie, de son racisme, de son antis\u00e9mitisme, de son sexisme, de son homophobie, je recopie ci-dessous l&rsquo;excellent texte publi\u00e9 sur FB par un certain Yann Faune, que je ne connais pas, mais qui a tout dit.<\/p>\n\n\n\n<p class=\"has-black-color has-text-color has-link-color wp-elements-5ad7fce4de2b39f96d62af82deac9e32\">On en sait plus sur la personnalit\u00e9 de la victime lyonnaise de la bataille rang\u00e9e du 12 f\u00e9vrier dernier. Sa famille et ses proches ont naturellement le droit de le pleurer. Une vie est une vie et la douleur, un ressenti qui ne se discute pas.<\/p>\n\n\n\n<p class=\"has-black-color has-text-color has-link-color wp-elements-c1600e2530e5ea696d1abfb90459d985\">Pour le reste, comment ne pas rester m\u00e9dus\u00e9 ?<br>Le pr\u00e9sident de r\u00e9gion, applaudi par son premier soutien Jean-Michel Aulas (lui-m\u00eame prompt \u00e0 d\u00e9noncer \u00ab\u00a0les extr\u00eames\u00a0\u00bb) aura, en effet, r\u00e9ussi l&rsquo;exploit d&rsquo;afficher sur la fa\u00e7ade de l&rsquo;H\u00f4tel de R\u00e9gion le portrait d&rsquo;un jeune n\u00e9o-nazi convaincu.<br>Un apologiste de la solution finale, supr\u00e9maciste blanc, x\u00e9nophobe, raciste, antis\u00e9mite absolu, n\u00e9gationniste, homophobe au dernier degr\u00e9 &#8211; qui s&rsquo;entra\u00eenait dans des \u00ab\u00a0clubs de boxe\u00a0\u00bb, avec des militants tri\u00e9s sur le volet, pour \u00ab\u00a0la guerre raciale\u00a0\u00bb.<br>Qui envoyait, tout le jour durant, des milliers de messages sur les r\u00e9seaux sociaux pour soutenir le nazisme, vanter avec science et \u00e9rudition les m\u00e9rites du fascisme et traiter de \u00ab\u00a0bou\u00e8gres\u00a0\u00bb (contraction de bougnoules et de n\u00e8gres) les \u00ab millions d\u2019arabes et de noirs pr\u00e9sents sur le sol fran\u00e7ais \u00bb.<\/p>\n\n\n\n<p class=\"has-black-color has-text-color has-link-color wp-elements-35f2c6e3841f8345ef393adbefa54371\">C&rsquo;est ce que nous apprend la documentation sur la correspondance et les prises de position en ligne sous pseudo, de Quentin Deranque, exhum\u00e9e par Mediapart.<\/p>\n\n\n\n<p class=\"has-black-color has-text-color has-link-color wp-elements-d6616c28d64e51ffbba8cc71bd62ecde\">Des milliers d&rsquo;\u00e9crits, \u00e9tal\u00e9s sur des ann\u00e9es qui dessinent une vision coh\u00e9rente du monde, haineuse et situ\u00e9e. Il proposait entre autre de d\u00e9terrer, pour la fusiller, l&rsquo;avocate Gis\u00e8le Halimi. Traitait de sal*pe et de p*te Simone Veil, dont il consid\u00e9rait qu&rsquo;elle avait caus\u00e9 plus de morts d&rsquo;enfants innocents que Birkenau (du fait de son action pour la libert\u00e9 de recourir \u00e0 l&rsquo;IVG).<\/p>\n\n\n\n<p class=\"has-black-color has-text-color has-link-color wp-elements-3a8f3f94430958e3576abc9f0523b885\">D&rsquo;ailleurs, l&rsquo;immigration des africains en France lui paraissait beaucoup plus pr\u00e9judiciable \u00e0 notre pays que l&rsquo;occupation allemande. Il assumait pr\u00e9f\u00e9rer largement la pr\u00e9sence de \u00ab blonds dolicoc\u00e9phales aux yeux bleus \u00bb \u2013 un terme instrumentalis\u00e9 par les eug\u00e9nistes nazis \u2013 \u00e0 celle de \u00ab noirs aux grosses narines et aux l\u00e8vres disproportionn\u00e9es \u00bb.<br>Il se revendiquait \u00e9galement ouvertement raciste, consid\u00e9rant que c&rsquo;\u00e9tait \u00ab\u00a0100% normal\u00a0\u00bb ; et le fait que le RN ait \u00e9t\u00e9 fond\u00e9 par des Waffen SS : \u00ab\u00a0une tr\u00e8s bonne chose\u00a0\u00bb.<\/p>\n\n\n\n<p class=\"has-black-color has-text-color has-link-color wp-elements-4b046b1fc4d0d6e96de1cd9cef408e58\">Il n&rsquo;h\u00e9sitait pas \u00e0 apporter son \u00e9cot au projet \u00ab\u00a0Total Niggers death\u00a0\u00bb (mort totale aux n\u00e8gres) qu&rsquo;il postait r\u00e9guli\u00e8rement en ligne, en alternance avec des projets de d\u00e9portation des musulmans. M\u00e9canisme dont il \u00e9tait f\u00e9ru, puisqu&rsquo;il aimait plaisanter sur la \u00ab\u00a0qualit\u00e9 du transport ferroviaire allemand dans les ann\u00e9es 40\u00a0\u00bb.<br>D&rsquo;ailleurs, il \u00e9tait obs\u00e9d\u00e9 par Hitler (en bien), votait pour le parti Forteresse Europe, soutenait l&rsquo;\u00e9quipe d&rsquo;Autriche de football (les autres clubs \u00e9tant bien \u00ab\u00a0trop mixtes ethniquement\u00a0\u00bb \u00e0 son go\u00fbt) et assurait que la nationalit\u00e9 fran\u00e7aise devant \u00eatre r\u00e9serv\u00e9e suivant un \u00ab\u00a0crit\u00e8re de blanchit\u00e9\u00a0\u00bb.<\/p>\n\n\n\n<p class=\"has-black-color has-text-color has-link-color wp-elements-700bfce527036b59e8c5c3ec82b4abb9\">Au total, le bilan est consternant. Le jeune homme a \u00e9t\u00e9 pr\u00e9sent\u00e9 comme un enfant de ch\u0153ur. Alors qu&rsquo;en v\u00e9rit\u00e9, il est mort dans un combat de rue auquel il s&rsquo;\u00e9tait pr\u00e9par\u00e9, qu&rsquo;il avait recherch\u00e9, \u00e0 l&rsquo;invitation d&rsquo;une jeune femme elle m\u00eame fascin\u00e9e par les armes, la violence, les embl\u00e8mes et le projet nazi.<\/p>\n\n\n\n<p class=\"has-black-color has-text-color has-link-color wp-elements-83d9f360bd76bc3c7d82aa72dcfa6233\">Mediapart nous apprend que dans les derniers entra\u00eenements auquel il avait particip\u00e9, il s&rsquo;\u00e9tait montr\u00e9 extr\u00eamement habile dans le maniement du couteau.<\/p>\n\n\n\n<p class=\"has-black-color has-text-color has-link-color wp-elements-2b5418f7698fb1ae3710d761d8a5316f\">Le parti de Jordan Bardella continuait encore ces derniers jours d\u2019\u00e9riger le militant en martyr. Le 6 mars, lors d\u2019un meeting de soutien \u00e0 Matthieu Valet, candidat lep\u00e9niste aux municipales \u00e0 Lille, le vice-pr\u00e9sident du RN S\u00e9bastien Chenu a d\u00e9di\u00e9 le d\u00e9but de son discours \u00e0 \u00ab ce jeune homme qui a laiss\u00e9 sa vie pour d\u00e9fendre des id\u00e9es \u00bb, \u00ab pour en r\u00e9alit\u00e9, d\u00e9fendre NOS id\u00e9es ou d\u00e9fendre plut\u00f4t l\u2019id\u00e9e qu\u2019il se faisait de notre pays \u00bb.<\/p>\n\n\n\n<p class=\"has-black-color has-text-color has-link-color wp-elements-9efaa76509f3295c2308dab4533e04b2\">Vu ses fr\u00e9quentations, rien d&rsquo;\u00e9tonnant &#8230; mais pour celles et ceux qui ont plut\u00f4t \u00e0 c\u0153ur l&rsquo;id\u00e9e d&rsquo;une R\u00e9publique une et indivisible, il n&rsquo;y avait en revanche aucune raison de nous imposer une minute de silence &#8230; ou d&rsquo;avoir \u00e0 supporter qu&rsquo;on \u00e9rige en exemple une figure pareille.<\/p>\n\n\n\n<p class=\"has-black-color has-text-color has-link-color wp-elements-3e035269fcd97240b6687bfd7730e4f7\">[La source de l&rsquo;enqu\u00eate de Mediapart: <a href=\"https:\/\/www.mediapart.fr\/journal\/france\/120326\/quentin-deranque-catholique-traditionaliste-la-ville-et-neonazi-en-ligne\">https:\/\/www.mediapart.fr\/journal\/france\/120326\/quentin-deranque-catholique-traditionaliste-la-ville-et-neonazi-en-ligne<\/a>]<\/p>\n<!-- templates\/buttons-placeholder.php -->\n<div class=\"da-reactions-outer TpostID15002\">\n\t    <div class=\"da-reactions-data da-reactions-container-async center\"\n         data-type=\"post\"\n         data-id=\"15002\"\n         id=\"da-reactions-slot-post-15002\">\n        <div class=\"da-reactions-exposed\">\n\t\t\t<img src=\"https:\/\/gregoryderville.com\/wp-content\/plugins\/da-reactions\/assets\/dist\/loading.svg\" alt=\"Loading spinner\" width=\"64\" height=\"64\" style=\"width:64px\" \/>\n        <\/div>\n    <\/div>\n<\/div>\n","protected":false},"excerpt":{"rendered":"<p>La minute de silence en son hommage, l&rsquo;affiche sur la fa\u00e7ade de l&rsquo;h\u00f4tel de r\u00e9gion R\u00e9gion Auvergne-Rh\u00f4ne-Alpes, la demande par Jean-Michel Aulas que la mairie de Lyon rende hommage \u00e0&hellip;<a href=\"https:\/\/gregoryderville.com\/index.php\/2026\/03\/13\/cest-confirme-la-republique-a-rendu-hommage-a-un-fasciste-et-raciste-assume\/\" class=\"more-link\"><span class=\"more-button\">Continue reading<span class=\"screen-reader-text\">C&rsquo;est confirm\u00e9: la R\u00e9publique a rendu hommage \u00e0 un fasciste et raciste assum\u00e9<\/span><\/span><\/a><\/p>\n<!-- templates\/buttons-placeholder.php -->\n<div class=\"da-reactions-outer TpostID15002\">\n\t    <div class=\"da-reactions-data da-reactions-container-async center\"\n         data-type=\"post\"\n         data-id=\"15002\"\n         id=\"da-reactions-slot-post-15002\">\n        <div class=\"da-reactions-exposed\">\n\t\t\t<img src=\"https:\/\/gregoryderville.com\/wp-content\/plugins\/da-reactions\/assets\/dist\/loading.svg\" alt=\"Loading spinner\" width=\"64\" height=\"64\" style=\"width:64px\" \/>\n        <\/div>\n    <\/div>\n<\/div>\n","protected":false},"author":1,"featured_media":15003,"comment_status":"open","ping_status":"open","sticky":false,"template":"","format":"standard","meta":{"footnotes":""},"categories":[85],"tags":[674,738],"class_list":["post-15002","post","type-post","status-publish","format-standard","has-post-thumbnail","hentry","category-politique","tag-extreme-droite","tag-politique"],"_links":{"self":[{"href":"https:\/\/gregoryderville.com\/index.php\/wp-json\/wp\/v2\/posts\/15002","targetHints":{"allow":["GET"]}}],"collection":[{"href":"https:\/\/gregoryderville.com\/index.php\/wp-json\/wp\/v2\/posts"}],"about":[{"href":"https:\/\/gregoryderville.com\/index.php\/wp-json\/wp\/v2\/types\/post"}],"author":[{"embeddable":true,"href":"https:\/\/gregoryderville.com\/index.php\/wp-json\/wp\/v2\/users\/1"}],"replies":[{"embeddable":true,"href":"https:\/\/gregoryderville.com\/index.php\/wp-json\/wp\/v2\/comments?post=15002"}],"version-history":[{"count":2,"href":"https:\/\/gregoryderville.com\/index.php\/wp-json\/wp\/v2\/posts\/15002\/revisions"}],"predecessor-version":[{"id":15006,"href":"https:\/\/gregoryderville.com\/index.php\/wp-json\/wp\/v2\/posts\/15002\/revisions\/15006"}],"wp:featuredmedia":[{"embeddable":true,"href":"https:\/\/gregoryderville.com\/index.php\/wp-json\/wp\/v2\/media\/15003"}],"wp:attachment":[{"href":"https:\/\/gregoryderville.com\/index.php\/wp-json\/wp\/v2\/media?parent=15002"}],"wp:term":[{"taxonomy":"category","embeddable":true,"href":"https:\/\/gregoryderville.com\/index.php\/wp-json\/wp\/v2\/categories?post=15002"},{"taxonomy":"post_tag","embeddable":true,"href":"https:\/\/gregoryderville.com\/index.php\/wp-json\/wp\/v2\/tags?post=15002"}],"curies":[{"name":"wp","href":"https:\/\/api.w.org\/{rel}","templated":true}]}}