{"id":16167,"date":"2026-05-23T10:00:00","date_gmt":"2026-05-23T08:00:00","guid":{"rendered":"https:\/\/gregoryderville.com\/?p=16167"},"modified":"2026-05-22T18:46:34","modified_gmt":"2026-05-22T16:46:34","slug":"bjork-aurora","status":"publish","type":"post","link":"https:\/\/gregoryderville.com\/index.php\/2026\/05\/23\/bjork-aurora\/","title":{"rendered":"Bj\u00f6rk &#8211; \u00ab\u00a0Aurora\u00a0\u00bb"},"content":{"rendered":"\n<p class=\"wp-block-paragraph\"><\/p>\n\n\n\n<p class=\"has-black-color has-text-color has-link-color wp-elements-1 wp-block-paragraph\">Il y a quelques ann\u00e9es, par une belle fin de journ\u00e9e d&rsquo;\u00e9t\u00e9, j&rsquo;avais ins\u00e9r\u00e9 dans ma platine le CD du cinqui\u00e8me album de Bj\u00f6rk, \u00ab\u00a0Vespertine\u00a0\u00bb, avant d&rsquo;aller travailler dans le jardin, comme j&rsquo;aime bien le faire quand la fra\u00eecheur commence \u00e0 tomber un peu. L&rsquo;un des avantages de ne pas avoir de voisins, c&rsquo;est que je peux mettre la musique assez fort pour l&rsquo;\u00e9couter \u00e0 distance \ud83d\ude0a<\/p>\n\n\n\n<p class=\"has-black-color has-text-color has-link-color wp-elements-2 wp-block-paragraph\">Morceau apr\u00e8s morceau, j&rsquo;avais pass\u00e9 une heure \u00e0 me dire que j&rsquo;avais oubli\u00e9 \u00e0 quel point j&rsquo;adore ce disque, \u00e0 quel point il est mon pr\u00e9f\u00e9r\u00e9 de la diva islandaise\u2026 et quand il a \u00e9t\u00e9 fini, je suis rentr\u00e9 pour le relancer.<\/p>\n\n\n\n<p class=\"has-black-color has-text-color has-link-color wp-elements-3 wp-block-paragraph\">Si j&rsquo;aime tant \u00ab\u00a0Verpertine\u00a0\u00bb, c&rsquo;est d&rsquo;abord pour sa coh\u00e9rence impressionnante, pour le chant libre et doux de Bj\u00f6rk, qui y aborde des th\u00e8mes tr\u00e8s personnels et laisse appara\u00eetre une vuln\u00e9rabilit\u00e9 vibrante, une sensibilit\u00e9 intense \u00e0 la beaut\u00e9 fulgurante du monde (\u00ab\u00a0<em>Aurora, \/ goodess sparkle, \/ shoot me<\/em>\u00a0\u00bb ). J&rsquo;aime aussi beaucoup ce disque pour l&rsquo;electronica intimiste, lente et subtilement ouvrag\u00e9e. C&rsquo;est le cas dans cette chanson d&rsquo;une grande douceur, conduite d&rsquo;un bout \u00e0 l&rsquo;autre par des microbeats rugueux et cr\u00e9pitants mais toujours l\u00e9gers, all\u00e9g\u00e9e par une harpe cristalline et par des choeurs tr\u00e8s a\u00e9riens dans les refrains.<\/p>\n\n\n\n<p class=\"has-black-color has-text-color has-link-color wp-elements-4 wp-block-paragraph\">\u00ab\u00a0Looking hard for<br>moments of shine\u00a0\u00bb<\/p>\n\n\n\n<p class=\"has-text-align-center has-black-color has-text-color has-link-color wp-elements-5 wp-block-paragraph\">\/\/\/\/\/\/<\/p>\n\n\n\n<p class=\"has-black-color has-text-color has-link-color wp-elements-6 wp-block-paragraph\">\u00c0 une voyelle pr\u00e8s, Aurora c&rsquo;est le pr\u00e9nom de ma fille, qui a aujourd&rsquo;hui 23 ans. Elle aussi est une \u00e9tincelle, elle aussi me percute le coeur. Joyeux anniversaire ma ch\u00e9rie&nbsp;! En attendant que l&rsquo;on se retrouve pour le f\u00eater, voici un po\u00e8me de Emily Jane Bront\u00eb qui me touche beaucoup :<\/p>\n\n\n<div class=\"wp-block-image\">\n<figure class=\"alignright size-full is-resized\"><img loading=\"lazy\" decoding=\"async\" width=\"657\" height=\"929\" src=\"https:\/\/gregoryderville.com\/wp-content\/uploads\/2026\/05\/Emily-Bronte.jpg\" alt=\"\" class=\"wp-image-16157\" style=\"aspect-ratio:0.7072349804902749;width:360px;height:auto\" srcset=\"https:\/\/gregoryderville.com\/wp-content\/uploads\/2026\/05\/Emily-Bronte.jpg 657w, https:\/\/gregoryderville.com\/wp-content\/uploads\/2026\/05\/Emily-Bronte-212x300.jpg 212w, https:\/\/gregoryderville.com\/wp-content\/uploads\/2026\/05\/Emily-Bronte-438x620.jpg 438w, https:\/\/gregoryderville.com\/wp-content\/uploads\/2026\/05\/Emily-Bronte-460x650.jpg 460w, https:\/\/gregoryderville.com\/wp-content\/uploads\/2026\/05\/Emily-Bronte-318x450.jpg 318w\" sizes=\"auto, (max-width: 657px) 100vw, 657px\" \/><\/figure>\n<\/div>\n\n\n<p class=\"has-black-color has-text-color has-link-color wp-elements-7 wp-block-paragraph\">\u00ab\u00a0Dis-moi, dis, souriante enfant,<\/p>\n\n\n\n<p class=\"has-black-color has-text-color has-link-color wp-elements-8 wp-block-paragraph\">qu&rsquo;est-ce, pour toi, que le pass\u00e9&nbsp;?<\/p>\n\n\n\n<p class=\"has-black-color has-text-color has-link-color wp-elements-9 wp-block-paragraph\">\u00ab&nbsp;Un soir d&rsquo;automne, doux et cl\u00e9ment,<\/p>\n\n\n\n<p class=\"has-black-color has-text-color has-link-color wp-elements-10 wp-block-paragraph\">o\u00f9 le vent soupire, endeuill\u00e9.&nbsp;\u00bb<\/p>\n\n\n\n<p class=\"has-black-color has-text-color has-link-color wp-elements-11 wp-block-paragraph\">Qu&rsquo;est-ce, pour toi, que le pr\u00e9sent&nbsp;?<\/p>\n\n\n\n<p class=\"has-black-color has-text-color has-link-color wp-elements-12 wp-block-paragraph\">\u00ab&nbsp;Un rameau vert charg\u00e9 de fleurs<\/p>\n\n\n\n<p class=\"has-black-color has-text-color has-link-color wp-elements-13 wp-block-paragraph\">o\u00f9 l&rsquo;oiselet bande ses forces<\/p>\n\n\n\n<p class=\"has-black-color has-text-color has-link-color wp-elements-14 wp-block-paragraph\">pour s&rsquo;envoler dans les hauteurs.&nbsp;\u00bb<\/p>\n\n\n\n<p class=\"has-black-color has-text-color has-link-color wp-elements-15 wp-block-paragraph\">Et l&rsquo;avenir, enfant b\u00e9nie ?<\/p>\n\n\n\n<p class=\"has-black-color has-text-color has-link-color wp-elements-16 wp-block-paragraph\">\u00ab&nbsp;La mer sous un soleil sans voiles,<\/p>\n\n\n\n<p class=\"has-black-color has-text-color has-link-color wp-elements-17 wp-block-paragraph\">la mer puissante, \u00e9blouissante<\/p>\n\n\n\n<p class=\"has-black-color has-text-color has-link-color wp-elements-18 wp-block-paragraph\">qui, l\u00e0-bas, rejoint l&rsquo;infini.&nbsp;\u00bb<\/p>\n\n\n\n<p class=\"has-black-color has-text-color has-link-color wp-elements-19 wp-block-paragraph\"><\/p>\n\n\n\n<p class=\"has-text-align-center has-black-color has-text-color has-link-color wp-elements-20 wp-block-paragraph\">\/\/\/\/\/\/<\/p>\n\n\n\n<p class=\"wp-block-paragraph\"><\/p>\n\n\n\n<figure class=\"wp-block-embed is-type-video is-provider-youtube wp-block-embed-youtube wp-embed-aspect-4-3 wp-has-aspect-ratio\"><div class=\"wp-block-embed__wrapper\">\n<iframe loading=\"lazy\" title=\"Aurora\" width=\"1230\" height=\"923\" src=\"https:\/\/www.youtube.com\/embed\/d0DFAA7HIEU?feature=oembed\" frameborder=\"0\" allow=\"accelerometer; autoplay; clipboard-write; encrypted-media; gyroscope; picture-in-picture; web-share\" referrerpolicy=\"strict-origin-when-cross-origin\" allowfullscreen><\/iframe>\n<\/div><\/figure>\n<!-- templates\/buttons-placeholder.php -->\n<div class=\"da-reactions-outer TpostID16167\">\n\t    <div class=\"da-reactions-data da-reactions-container-async center\"\n         data-type=\"post\"\n         data-id=\"16167\"\n         id=\"da-reactions-slot-post-16167\">\n        <div class=\"da-reactions-exposed\">\n\t\t\t<img src=\"https:\/\/gregoryderville.com\/wp-content\/plugins\/da-reactions\/assets\/dist\/loading.svg\" alt=\"Loading spinner\" width=\"64\" height=\"64\" \/>\n        <\/div>\n    <\/div>\n<\/div>\n","protected":false},"excerpt":{"rendered":"<p>Il y a quelques ann\u00e9es, par une belle fin de journ\u00e9e d&rsquo;\u00e9t\u00e9, j&rsquo;avais ins\u00e9r\u00e9 dans ma platine le CD du cinqui\u00e8me album de Bj\u00f6rk, \u00ab\u00a0Vespertine\u00a0\u00bb, avant d&rsquo;aller travailler dans le&hellip;<a href=\"https:\/\/gregoryderville.com\/index.php\/2026\/05\/23\/bjork-aurora\/\" class=\"more-link\"><span class=\"more-button\">Continue reading<span class=\"screen-reader-text\">Bj\u00f6rk &#8211; \u00ab\u00a0Aurora\u00a0\u00bb<\/span><\/span><\/a><\/p>\n<!-- templates\/buttons-placeholder.php -->\n<div class=\"da-reactions-outer TpostID16167\">\n\t    <div class=\"da-reactions-data da-reactions-container-async center\"\n         data-type=\"post\"\n         data-id=\"16167\"\n         id=\"da-reactions-slot-post-16167\">\n        <div class=\"da-reactions-exposed\">\n\t\t\t<img src=\"https:\/\/gregoryderville.com\/wp-content\/plugins\/da-reactions\/assets\/dist\/loading.svg\" alt=\"Loading spinner\" width=\"64\" height=\"64\" \/>\n        <\/div>\n    <\/div>\n<\/div>\n","protected":false},"author":1,"featured_media":198,"comment_status":"open","ping_status":"open","sticky":false,"template":"","format":"standard","meta":{"footnotes":""},"categories":[81],"tags":[33,20,735],"class_list":["post-16167","post","type-post","status-publish","format-standard","has-post-thumbnail","hentry","category-musique","tag-bjork","tag-inde","tag-ma-famille"],"_links":{"self":[{"href":"https:\/\/gregoryderville.com\/index.php\/wp-json\/wp\/v2\/posts\/16167","targetHints":{"allow":["GET"]}}],"collection":[{"href":"https:\/\/gregoryderville.com\/index.php\/wp-json\/wp\/v2\/posts"}],"about":[{"href":"https:\/\/gregoryderville.com\/index.php\/wp-json\/wp\/v2\/types\/post"}],"author":[{"embeddable":true,"href":"https:\/\/gregoryderville.com\/index.php\/wp-json\/wp\/v2\/users\/1"}],"replies":[{"embeddable":true,"href":"https:\/\/gregoryderville.com\/index.php\/wp-json\/wp\/v2\/comments?post=16167"}],"version-history":[{"count":20,"href":"https:\/\/gregoryderville.com\/index.php\/wp-json\/wp\/v2\/posts\/16167\/revisions"}],"predecessor-version":[{"id":16321,"href":"https:\/\/gregoryderville.com\/index.php\/wp-json\/wp\/v2\/posts\/16167\/revisions\/16321"}],"wp:featuredmedia":[{"embeddable":true,"href":"https:\/\/gregoryderville.com\/index.php\/wp-json\/wp\/v2\/media\/198"}],"wp:attachment":[{"href":"https:\/\/gregoryderville.com\/index.php\/wp-json\/wp\/v2\/media?parent=16167"}],"wp:term":[{"taxonomy":"category","embeddable":true,"href":"https:\/\/gregoryderville.com\/index.php\/wp-json\/wp\/v2\/categories?post=16167"},{"taxonomy":"post_tag","embeddable":true,"href":"https:\/\/gregoryderville.com\/index.php\/wp-json\/wp\/v2\/tags?post=16167"}],"curies":[{"name":"wp","href":"https:\/\/api.w.org\/{rel}","templated":true}]}}