{"id":18201,"date":"2026-09-04T20:09:07","date_gmt":"2026-09-04T18:09:07","guid":{"rendered":"https:\/\/gregoryderville.com\/?p=18201"},"modified":"2026-09-04T20:09:08","modified_gmt":"2026-09-04T18:09:08","slug":"premiere-promotion-du-master-transitions-ecologiques-des-territoires","status":"publish","type":"post","link":"https:\/\/gregoryderville.com\/index.php\/2026\/09\/04\/premiere-promotion-du-master-transitions-ecologiques-des-territoires\/","title":{"rendered":"Premi\u00e8re promotion du master Transitions Ecologiques des Territoires!!!"},"content":{"rendered":"\n<p class=\"has-black-color has-text-color has-link-color wp-elements-1 wp-block-paragraph\">J&rsquo;attendais ce moment depuis des ann\u00e9es, et c&rsquo;est maintenant r\u00e9alit\u00e9\u00a0: le <a href=\"https:\/\/gregoryderville.com\/index.php\/2026\/02\/09\/creation-du-master-transitions-ecologiques-des-territoires-a-luniversite-de-lille\/\" data-type=\"link\" data-id=\"https:\/\/gregoryderville.com\/index.php\/2026\/02\/09\/creation-du-master-transitions-ecologiques-des-territoires-a-luniversite-de-lille\/\">parcours Transitions \u00c9cologiques des Territoires du master de science politique de l&rsquo;Universit\u00e9 de Lille<\/a>, que j&rsquo;ai imagin\u00e9, con\u00e7u et port\u00e9 pendant plusieurs ann\u00e9es, et dont je suis le responsable, est officiellement ouvert\u00a0!<\/p>\n\n\n\n<p class=\"has-black-color has-text-color has-link-color wp-elements-2 wp-block-paragraph\">Ce matin c&rsquo;\u00e9tait la pr\u00e9-rentr\u00e9e, et c&rsquo;est avec une \u00e9motion non dissimul\u00e9e que j&rsquo;ai eu l&rsquo;occasion d&rsquo;\u00e9changer avec la premi\u00e8re promotion, qui promet d&rsquo;\u00eatre de tr\u00e8s bonne qualit\u00e9 si j&rsquo;en juge par la solidit\u00e9 des dossiers de candidature de l&rsquo;ensemble de ces \u00e9tudiant\u00b7es (des notes excellentes au Bac et en licence, des projets professionnels tr\u00e8s clairs, et bien souvent une premi\u00e8re exp\u00e9rience en stage et\/ou des engagements associatifs dans le champ de l&rsquo;environnement).<\/p>\n\n\n\n<p class=\"has-black-color has-text-color has-link-color wp-elements-3 wp-block-paragraph\">Les cours commencent lundi, et l&rsquo;\u00e9quipe p\u00e9dagogique, dont je suis tout aussi ravi, est pr\u00eate et impatiente.<\/p>\n\n\n\n<p class=\"has-black-color has-text-color has-link-color wp-elements-4 wp-block-paragraph\">Pour ma part j&rsquo;aurai l&rsquo;occasion d&rsquo;enseigner \u00e0 cette promotion dans 5 modules diff\u00e9rents&nbsp;: en M1 ce sera pour le module \u00ab\u00a0Rencontres professionnelles\u00a0\u00bb, pour le CM \u00ab\u00a0Action publique environnementale\u00a0\u00bb et pour l&rsquo;atelier projet, et en M2 ce sera pour l&rsquo;atelier projet et pour le module \u00ab\u00a0Orientation et insertion professionnelles\u00a0\u00bb, qui consiste \u00e0 accompagner dans la d\u00e9finition du projet professionnel et dans les d\u00e9marches de recherche du stage de fin d&rsquo;\u00e9tudes (3 \u00e0 6 mois).<\/p>\n\n\n\n<p class=\"has-black-color has-text-color has-link-color wp-elements-5 wp-block-paragraph\">Je souhaite deux excellentes ann\u00e9es \u00e0 ces jeunes, que je remercie pour leur confiance et que je vais t\u00e2cher de suivre et d&rsquo;encadrer du mieux possible&nbsp;!<\/p>\n<!-- templates\/buttons-placeholder.php -->\n<div class=\"da-reactions-outer TpostID18201\">\n\t    <div class=\"da-reactions-data da-reactions-container-async center\"\n         data-type=\"post\"\n         data-id=\"18201\"\n         id=\"da-reactions-slot-post-18201\">\n        <div class=\"da-reactions-exposed\">\n\t\t\t<img src=\"https:\/\/gregoryderville.com\/wp-content\/plugins\/da-reactions\/assets\/dist\/loading.svg\" alt=\"Loading spinner\" width=\"64\" height=\"64\" \/>\n        <\/div>\n    <\/div>\n<\/div>\n","protected":false},"excerpt":{"rendered":"<p>J&rsquo;attendais ce moment depuis des ann\u00e9es, et c&rsquo;est maintenant r\u00e9alit\u00e9\u00a0: le parcours Transitions \u00c9cologiques des Territoires du master de science politique de l&rsquo;Universit\u00e9 de Lille, que j&rsquo;ai imagin\u00e9, con\u00e7u et&hellip;<a href=\"https:\/\/gregoryderville.com\/index.php\/2026\/09\/04\/premiere-promotion-du-master-transitions-ecologiques-des-territoires\/\" class=\"more-link\"><span class=\"more-button\">Continue reading<span class=\"screen-reader-text\">Premi\u00e8re promotion du master Transitions Ecologiques des Territoires!!!<\/span><\/span><\/a><\/p>\n<!-- templates\/buttons-placeholder.php -->\n<div class=\"da-reactions-outer TpostID18201\">\n\t    <div class=\"da-reactions-data da-reactions-container-async center\"\n         data-type=\"post\"\n         data-id=\"18201\"\n         id=\"da-reactions-slot-post-18201\">\n        <div class=\"da-reactions-exposed\">\n\t\t\t<img src=\"https:\/\/gregoryderville.com\/wp-content\/plugins\/da-reactions\/assets\/dist\/loading.svg\" alt=\"Loading spinner\" width=\"64\" height=\"64\" \/>\n        <\/div>\n    <\/div>\n<\/div>\n","protected":false},"author":1,"featured_media":18202,"comment_status":"open","ping_status":"open","sticky":false,"template":"","format":"standard","meta":{"footnotes":""},"categories":[88,85,86],"tags":[696,718],"class_list":["post-18201","post","type-post","status-publish","format-standard","has-post-thumbnail","hentry","category-ecologie","category-politique","category-societe","tag-formation","tag-universite"],"_links":{"self":[{"href":"https:\/\/gregoryderville.com\/index.php\/wp-json\/wp\/v2\/posts\/18201","targetHints":{"allow":["GET"]}}],"collection":[{"href":"https:\/\/gregoryderville.com\/index.php\/wp-json\/wp\/v2\/posts"}],"about":[{"href":"https:\/\/gregoryderville.com\/index.php\/wp-json\/wp\/v2\/types\/post"}],"author":[{"embeddable":true,"href":"https:\/\/gregoryderville.com\/index.php\/wp-json\/wp\/v2\/users\/1"}],"replies":[{"embeddable":true,"href":"https:\/\/gregoryderville.com\/index.php\/wp-json\/wp\/v2\/comments?post=18201"}],"version-history":[{"count":1,"href":"https:\/\/gregoryderville.com\/index.php\/wp-json\/wp\/v2\/posts\/18201\/revisions"}],"predecessor-version":[{"id":18203,"href":"https:\/\/gregoryderville.com\/index.php\/wp-json\/wp\/v2\/posts\/18201\/revisions\/18203"}],"wp:featuredmedia":[{"embeddable":true,"href":"https:\/\/gregoryderville.com\/index.php\/wp-json\/wp\/v2\/media\/18202"}],"wp:attachment":[{"href":"https:\/\/gregoryderville.com\/index.php\/wp-json\/wp\/v2\/media?parent=18201"}],"wp:term":[{"taxonomy":"category","embeddable":true,"href":"https:\/\/gregoryderville.com\/index.php\/wp-json\/wp\/v2\/categories?post=18201"},{"taxonomy":"post_tag","embeddable":true,"href":"https:\/\/gregoryderville.com\/index.php\/wp-json\/wp\/v2\/tags?post=18201"}],"curies":[{"name":"wp","href":"https:\/\/api.w.org\/{rel}","templated":true}]}}